{"id":92,"date":"2017-05-14T14:30:18","date_gmt":"2017-05-14T14:30:18","guid":{"rendered":"http:\/\/www.auvifdemaplume.fr\/?p=92"},"modified":"2017-06-05T14:52:40","modified_gmt":"2017-06-05T14:52:40","slug":"cest-le-premier-le-tout-premier","status":"publish","type":"post","link":"https:\/\/www.auvifdemaplume.fr\/index.php\/2017\/05\/14\/cest-le-premier-le-tout-premier\/","title":{"rendered":"C\u2019est le premier, le tout premier"},"content":{"rendered":"<p><strong>C\u2019est toujours difficile une premi\u00e8re fois\u00a0<\/strong>: un premier cri, un premier regard, un premier pas, une premi\u00e8re chute. Aujourd\u2019hui j\u2019honore ce premier article, premier petit caillou lanc\u00e9 sur les ondes du net avec \u00e0 la fois de la joie et de l\u2019appr\u00e9hension.<\/p>\n<p>J\u2019ai d\u00e9j\u00e0 travers\u00e9 la for\u00eat obscure des mots pour y trouver mon chemin\u00a0: un premier livre \u00ab\u00a0<a href=\"http:\/\/www.lagriffedevinaya.fr\/#\/momig\">Momig<\/a>, la petite bougie\u00a0\u00bb est n\u00e9 sous ma plume en 2014 et m\u2019a tout doucement apport\u00e9, au-del\u00e0 de la joie de sa simple existence, un nom qui me va bien et avec lequel je signe ce blog.<\/p>\n<p>L\u2019accouchement fut aussi difficile que pour mon premier enfant. Mais quand je regarde ce que j\u2019ai re\u00e7u des centaines de lecteurs qui ont os\u00e9 accueillir cette \u00e9criture singuli\u00e8re avec les yeux et le c\u0153ur grands ouverts, <strong>je sais que cette route est bien la <span style=\"color: #000000;\">mienne<\/span><\/strong> et qu\u2019il faut simplement que j\u2019aie le courage de la poursuivre.<\/p>\n<p>Je parle de courage car il en faut beaucoup dans la vie\u00a0<strong>pour trouver sa libert\u00e9<\/strong> : courage de prendre ses responsabilit\u00e9s, courage de dire avec respect, courage d\u2019\u00e9couter avec bienveillance. C\u2019est tellement plus confortable de se taire et d\u2019endurer ou d\u2019endurer et se plaindre\u00a0: c\u2019est ce que j\u2019ai fait pendant longtemps. Et puis un jour tu n\u2019aimes plus du tout ce que tu es devenue, tu te regardes et tu ne te reconnais plus\u00a0: c\u2019est moi cette femme aigrie\u00a0? Cette entrepreneuse \u00e9puis\u00e9e\u00a0? Cette m\u00e8re \u00e0 bout de souffle\u00a0? Cette \u00e9pouse qui ne sait plus aimer ?<\/p>\n<p>Je me souviens quand les enfants \u00e9taient petits et que nous traversions des rues encombr\u00e9es, nous leur disions \u00ab Si vous vous retrouvez seuls, n\u2019ayez par peur, revenez au dernier endroit o\u00f9 vous nous avez vus, nous vous y attendrons\u00a0\u00bb. C\u2019est \u00e0 cet endroit qu\u2019un jour il faut revenir, l\u2019endroit o\u00f9 tu as pris une route qui n\u2019\u00e9tait pas la tienne et il faut le faire sans peur, avec humilit\u00e9 et bienveillance envers soi.<\/p>\n<p>Cette route jalonn\u00e9e de lectures et d\u2019\u00e9criture, je vais tout simplement la partager avec vous. Peut-\u00eatre aurez-vous envie de partager la v\u00f4tre avec moi, avec nous\u00a0? <strong>C\u2019est tellement plus facile quand on se sent moins seul<\/strong>.<\/p>\n<p>A tr\u00e8s vite.<br \/>\nAvec toute ma douceur.<\/p>\n<p><img loading=\"lazy\" decoding=\"async\" class=\"alignnone wp-image-368\" src=\"http:\/\/www.auvifdemaplume.fr\/wp-content\/uploads\/2017\/05\/SIGNATURE-02-300x151.png\" alt=\"\" width=\"121\" height=\"61\" srcset=\"https:\/\/www.auvifdemaplume.fr\/wp-content\/uploads\/2017\/05\/SIGNATURE-02-300x151.png 300w, https:\/\/www.auvifdemaplume.fr\/wp-content\/uploads\/2017\/05\/SIGNATURE-02-483x242.png 483w, https:\/\/www.auvifdemaplume.fr\/wp-content\/uploads\/2017\/05\/SIGNATURE-02-360x181.png 360w, https:\/\/www.auvifdemaplume.fr\/wp-content\/uploads\/2017\/05\/SIGNATURE-02-600x301.png 600w, https:\/\/www.auvifdemaplume.fr\/wp-content\/uploads\/2017\/05\/SIGNATURE-02-263x132.png 263w, https:\/\/www.auvifdemaplume.fr\/wp-content\/uploads\/2017\/05\/SIGNATURE-02.png 743w\" sizes=\"auto, (max-width: 121px) 100vw, 121px\" \/><\/p>\n","protected":false},"excerpt":{"rendered":"<p><strong>C\u2019est toujours difficile une premi\u00e8re fois\u00a0<\/strong>: un premier cri, un premier regard, un premier pas, une premi\u00e8re chute. Aujourd\u2019hui j\u2019honore ce premier article, premier petit caillou lanc\u00e9 sur les ondes du net avec \u00e0 la fois de la joie et de l\u2019appr\u00e9hension.<\/p>\n<p>J\u2019ai d\u00e9j\u00e0 travers\u00e9 la for\u00eat obscure des mots pour y trouver mon chemin\u00a0: un premier livre \u00ab\u00a0<a href=\"http:\/\/www.lagriffedevinaya.fr\/#\/momig\">Momig<\/a>, la petite bougie\u00a0\u00bb est n\u00e9 sous ma plume en 2014 et m\u2019a tout doucement apport\u00e9, au-del\u00e0 de la joie de sa simple existence, un nom qui me va bien et avec lequel je signe ce blog.<\/p>\n<p>L\u2019accouchement fut aussi difficile que pour mon premier enfant. Mais quand je regarde ce que j\u2019ai re\u00e7u des centaines de lecteurs qui ont os\u00e9 accueillir cette \u00e9criture singuli\u00e8re avec les yeux et le c\u0153ur grands ouverts, <strong>je sais que cette route est bien la mienne<\/strong> et qu\u2019il faut simplement que j\u2019aie le courage de la poursuivre.<\/p>\n","protected":false},"author":3,"featured_media":192,"comment_status":"open","ping_status":"open","sticky":false,"template":"","format":"standard","meta":{"_exactmetrics_skip_tracking":false,"_exactmetrics_sitenote_active":false,"_exactmetrics_sitenote_note":"","_exactmetrics_sitenote_category":0,"footnotes":""},"categories":[4,12],"tags":[16,11,8],"class_list":["post-92","post","type-post","status-publish","format-standard","has-post-thumbnail","hentry","category-journal","category-lire-ecrire","tag-ecrire","tag-lire","tag-momig"],"_links":{"self":[{"href":"https:\/\/www.auvifdemaplume.fr\/index.php\/wp-json\/wp\/v2\/posts\/92","targetHints":{"allow":["GET"]}}],"collection":[{"href":"https:\/\/www.auvifdemaplume.fr\/index.php\/wp-json\/wp\/v2\/posts"}],"about":[{"href":"https:\/\/www.auvifdemaplume.fr\/index.php\/wp-json\/wp\/v2\/types\/post"}],"author":[{"embeddable":true,"href":"https:\/\/www.auvifdemaplume.fr\/index.php\/wp-json\/wp\/v2\/users\/3"}],"replies":[{"embeddable":true,"href":"https:\/\/www.auvifdemaplume.fr\/index.php\/wp-json\/wp\/v2\/comments?post=92"}],"version-history":[{"count":14,"href":"https:\/\/www.auvifdemaplume.fr\/index.php\/wp-json\/wp\/v2\/posts\/92\/revisions"}],"predecessor-version":[{"id":375,"href":"https:\/\/www.auvifdemaplume.fr\/index.php\/wp-json\/wp\/v2\/posts\/92\/revisions\/375"}],"wp:featuredmedia":[{"embeddable":true,"href":"https:\/\/www.auvifdemaplume.fr\/index.php\/wp-json\/wp\/v2\/media\/192"}],"wp:attachment":[{"href":"https:\/\/www.auvifdemaplume.fr\/index.php\/wp-json\/wp\/v2\/media?parent=92"}],"wp:term":[{"taxonomy":"category","embeddable":true,"href":"https:\/\/www.auvifdemaplume.fr\/index.php\/wp-json\/wp\/v2\/categories?post=92"},{"taxonomy":"post_tag","embeddable":true,"href":"https:\/\/www.auvifdemaplume.fr\/index.php\/wp-json\/wp\/v2\/tags?post=92"}],"curies":[{"name":"wp","href":"https:\/\/api.w.org\/{rel}","templated":true}]}}