{"id":785,"date":"2017-08-22T11:38:42","date_gmt":"2017-08-22T11:38:42","guid":{"rendered":"http:\/\/www.auvifdemaplume.fr\/?p=785"},"modified":"2017-09-12T21:23:16","modified_gmt":"2017-09-12T21:23:16","slug":"lenfant-qui-lenfant-qui-quoi","status":"publish","type":"post","link":"https:\/\/www.auvifdemaplume.fr\/index.php\/2017\/08\/22\/lenfant-qui-lenfant-qui-quoi\/","title":{"rendered":"&#8220;L&#8217;enfant qui&#8221;, l&#8217;enfant qui quoi ?"},"content":{"rendered":"<p>\u00ab\u00a0L\u2019enfant qui\u00a0\u00bb est le livre, publi\u00e9 cette ann\u00e9e, d\u2019une femme que je ne connais pas mais dont l\u2019\u00e9criture est depuis \u00ab\u00a0Les Demeur\u00e9es\u00bb entr\u00e9e dans ma biblioth\u00e8que ou plut\u00f4t dans les p\u00e9pites que je recommande, pr\u00eate, perd, retrouve, aime. Elle s\u2019appelle Jeanne, <a href=\"https:\/\/fr.wikipedia.org\/wiki\/Jeanne_Benameur\" target=\"_blank\" rel=\"noopener noreferrer\">Jeanne Benameur<\/a>, <strong>si le mot sororit\u00e9 a un sens, alors c\u2019est ici que j\u2019ai envie de l\u2019employer<\/strong>\u00a0: Jeanne, je me sens en sororit\u00e9 avec vous.<\/p>\n<p>J\u2019ai trouv\u00e9 \u00ab L\u2019enfant qui\u00a0\u00bb par hasard. Parfois, au milieu de tout ce rose qu\u2019on nous propose, il y a quelque chose entre le gris et le bleu qui attire notre regard. Ce fut le cas ce jour-l\u00e0. Difficile de dire pourquoi, un peu comme certains dirigent naturellement leurs pas vers les coins \u00e0 champignons, <strong>j\u2019ai depuis toujours cet instinct des livres-merveilles<\/strong>. \u00c0\u00a0la diff\u00e9rence des cueilleurs, je les partage ensuite avec all\u00e9gresse\u00a0: et qu\u2019y a t-il de plus \u00e9ternellement abondant qu\u2019un livre qui serpente entre les hommes\u00a0en leur ouvrant les yeux?<\/p>\n<p>Que puis-je dire de ce livre sinon de le lire et d\u2019\u00e9couter ensuite la qualit\u00e9 du silence qui entre en soi ? C\u2019est un livre qui dit l\u2019essentiel, qui dit qu\u2019on n\u2019a pas le choix\u00a0: un jour il faut aller au bout d&#8217;une\u00a0enti\u00e8re solitude pour ne plus\u00a0jamais \u00eatre seul. Qui que nous soyons, la grand-m\u00e8re, le p\u00e8re, l\u2019enfant, l\u2019absente. Un jour il faut prendre la route qui m\u00e8ne \u00e0 la rivi\u00e8re et laisser partir la douleur de l\u2019existence dans l\u2019eau. <strong>Et<\/strong> c<strong>e jour-l\u00e0, si on \u00e9coute bien, on entend, d\u2019abord comme un murmure, puis petit \u00e0 petit comme une vraie promesse, les galets au fond du ruisseau, chanter la joie<\/strong>.<\/p>\n<p>Ceux qui m&#8217;ont lu le savent, et vous l&#8217;aurez devin\u00e9, cette enti\u00e8re solitude, je l&#8217;ai travers\u00e9e ces derni\u00e8res ann\u00e9es et\u00a0<strong>j&#8217;ai choisi de partager cette joie de la transformation de soi en Soi avec vous, mes semblables<\/strong>. J&#8217;ai fait de la joie mon pain quotidien, p\u00e9tri chaque jour avec mon amour et ma flamme, servi par des mots qui comme les galets des rivi\u00e8res, font r\u00e9sonner le chant des silences. Dans\u00a0<a href=\"http:\/\/www.momig.fr\/#\/momig\">Momig<\/a>, l&#8217;enfant que je fus avait trac\u00e9 en lettres innocentes\u00a0&#8221; Je ne sais pas encore jusqu&#8217;o\u00f9 ira ma qu\u00eate, mais j&#8217;ai faim et je chasse&#8230;&#8221;, ces mots partag\u00e9s avec beaucoup d&#8217;entre vous ont fait partie de ceux qui m&#8217;ont donn\u00e9 le courage d&#8217;aller jusqu&#8217;au bord de la rivi\u00e8re et&#8230;<\/p>\n<p>Aujourd&#8217;hui mon \u00e9criture, \u00e0 force de travail et de solitude, me permet d&#8217;\u00eatre juste l\u00e0, debout face \u00e0 vous et de vous dire :\u00a0\u00ab\u00a0L\u2019enfant qui\u00a0\u00bb c\u2019est l\u2019histoire de l\u2019enfant qui marche sur sa route, avec toute nos enfances accroch\u00e9es \u00e0 son cou, c\u2019est l\u2019histoire de l\u2019enfant que nous f\u00fbmes, de l\u2019enfant que nous aurons, de l\u2019enfant qui.<\/p>\n<p>Avec toute ma sororit\u00e9,<\/p>\n<p><img loading=\"lazy\" decoding=\"async\" class=\"alignnone wp-image-368\" src=\"http:\/\/www.auvifdemaplume.fr\/wp-content\/uploads\/2017\/05\/SIGNATURE-02-300x151.png\" alt=\"\" width=\"121\" height=\"61\" srcset=\"https:\/\/www.auvifdemaplume.fr\/wp-content\/uploads\/2017\/05\/SIGNATURE-02-300x151.png 300w, https:\/\/www.auvifdemaplume.fr\/wp-content\/uploads\/2017\/05\/SIGNATURE-02-483x242.png 483w, https:\/\/www.auvifdemaplume.fr\/wp-content\/uploads\/2017\/05\/SIGNATURE-02-360x181.png 360w, https:\/\/www.auvifdemaplume.fr\/wp-content\/uploads\/2017\/05\/SIGNATURE-02-600x301.png 600w, https:\/\/www.auvifdemaplume.fr\/wp-content\/uploads\/2017\/05\/SIGNATURE-02-263x132.png 263w, https:\/\/www.auvifdemaplume.fr\/wp-content\/uploads\/2017\/05\/SIGNATURE-02.png 743w\" sizes=\"auto, (max-width: 121px) 100vw, 121px\" \/><\/p>\n","protected":false},"excerpt":{"rendered":"<p>\u00ab\u00a0L\u2019enfant qui\u00a0\u00bb est le livre, publi\u00e9 cette ann\u00e9e, d\u2019une femme que je ne connais pas mais dont l\u2019\u00e9criture est depuis \u00ab\u00a0Les Demeur\u00e9es\u00bb entr\u00e9e dans ma biblioth\u00e8que ou plut\u00f4t dans les p\u00e9pites que je recommande, pr\u00eate, perd, retrouve, aime. Elle s\u2019appelle Jeanne, <a href=\"https:\/\/fr.wikipedia.org\/wiki\/Jeanne_Benameur\" target=\"_blank\" rel=\"noopener noreferrer\">Jeanne Benameur<\/a>, <strong>si le mot sororit\u00e9 a un sens, alors c\u2019est ici que j\u2019ai envie de l\u2019employer<\/strong>\u00a0: Jeanne, je me sens en sororit\u00e9 avec vous.<\/p>\n<p>J\u2019ai trouv\u00e9 \u00ab L\u2019enfant qui\u00a0\u00bb par hasard. Parfois, au milieu de tout ce rose qu\u2019on nous propose, il y a quelque chose entre le gris et le bleu qui attire notre regard. Ce fut le cas ce jour-l\u00e0. Difficile de dire pourquoi, un peu comme certains dirigent naturellement leurs pas vers les coins \u00e0 champignons, <strong>j\u2019ai depuis toujours cet instinct des livres-merveilles<\/strong>. \u00c0\u00a0la diff\u00e9rence des cueilleurs, je les partage ensuite avec all\u00e9gresse\u00a0: et qu\u2019y a t-il de plus \u00e9ternellement abondant qu\u2019un livre qui serpente entre les hommes\u00a0en leur ouvrant les yeux?<\/p>\n","protected":false},"author":3,"featured_media":811,"comment_status":"open","ping_status":"open","sticky":false,"template":"","format":"standard","meta":{"_exactmetrics_skip_tracking":false,"_exactmetrics_sitenote_active":false,"_exactmetrics_sitenote_note":"","_exactmetrics_sitenote_category":0,"footnotes":""},"categories":[12,1],"tags":[16,8,30],"class_list":["post-785","post","type-post","status-publish","format-standard","has-post-thumbnail","hentry","category-lire-ecrire","category-uncategorized","tag-ecrire","tag-momig","tag-silence"],"_links":{"self":[{"href":"https:\/\/www.auvifdemaplume.fr\/index.php\/wp-json\/wp\/v2\/posts\/785","targetHints":{"allow":["GET"]}}],"collection":[{"href":"https:\/\/www.auvifdemaplume.fr\/index.php\/wp-json\/wp\/v2\/posts"}],"about":[{"href":"https:\/\/www.auvifdemaplume.fr\/index.php\/wp-json\/wp\/v2\/types\/post"}],"author":[{"embeddable":true,"href":"https:\/\/www.auvifdemaplume.fr\/index.php\/wp-json\/wp\/v2\/users\/3"}],"replies":[{"embeddable":true,"href":"https:\/\/www.auvifdemaplume.fr\/index.php\/wp-json\/wp\/v2\/comments?post=785"}],"version-history":[{"count":19,"href":"https:\/\/www.auvifdemaplume.fr\/index.php\/wp-json\/wp\/v2\/posts\/785\/revisions"}],"predecessor-version":[{"id":794,"href":"https:\/\/www.auvifdemaplume.fr\/index.php\/wp-json\/wp\/v2\/posts\/785\/revisions\/794"}],"wp:featuredmedia":[{"embeddable":true,"href":"https:\/\/www.auvifdemaplume.fr\/index.php\/wp-json\/wp\/v2\/media\/811"}],"wp:attachment":[{"href":"https:\/\/www.auvifdemaplume.fr\/index.php\/wp-json\/wp\/v2\/media?parent=785"}],"wp:term":[{"taxonomy":"category","embeddable":true,"href":"https:\/\/www.auvifdemaplume.fr\/index.php\/wp-json\/wp\/v2\/categories?post=785"},{"taxonomy":"post_tag","embeddable":true,"href":"https:\/\/www.auvifdemaplume.fr\/index.php\/wp-json\/wp\/v2\/tags?post=785"}],"curies":[{"name":"wp","href":"https:\/\/api.w.org\/{rel}","templated":true}]}}