{"id":728,"date":"2017-08-09T13:48:51","date_gmt":"2017-08-09T13:48:51","guid":{"rendered":"http:\/\/www.auvifdemaplume.fr\/?p=728"},"modified":"2017-08-20T12:50:45","modified_gmt":"2017-08-20T12:50:45","slug":"pourtant-que-la-montagne-est-belle","status":"publish","type":"post","link":"https:\/\/www.auvifdemaplume.fr\/index.php\/2017\/08\/09\/pourtant-que-la-montagne-est-belle\/","title":{"rendered":"Pourtant, que la montagne est belle\u2026"},"content":{"rendered":"<p>Sur le seuil de son chalet, il propose aux rares randonneurs\u00a0un petit verre. Il a 70 ans, ou peut-\u00eatre 45, difficile \u00e0 dire. <strong>Pour qui a l\u2019habitude des visages des villes, ceux des montagnes sont des \u00e9nigmes<\/strong>. Peau tann\u00e9e, dents du bonheur, corps sec et noueux, il tend son sourire \u00e0 qui veut partager ce moment avec lui. C\u2019est l\u2019heure de la pause, c\u2019est ainsi, il commence le matin t\u00f4t par l\u2019heure de la traite, puis vient l\u2019heure du beurre, l\u2019heure du poulet, l\u2019heure du fromage avant la derni\u00e8re traite, et enfin l\u2019heure de rentrer les b\u00eates et dormir au bord de leurs corps chauds. \u00ab\u00a0Depuis qu\u2019ils ont remis les loups, je dois rentrer les b\u00eates\u00a0\u00bb, il dit cela comme s\u2019il parlait de l\u2019orage ou de la neige, un loup pas plus gros qu&#8217;un flocon noir.<\/p>\n<p>Sur sa porte, sur ses murs, sur ses volets, des textes nous accueillent, de lui, de Socrate, de Verlaine\u00a0: \u00ab\u00a0Le p\u00e8re de mon arri\u00e8re-grand-p\u00e8re a pos\u00e9 la premi\u00e8re pierre\u00a0\u00bb, c\u2019est \u00e9crit au dessus du chambranle, 1852. C\u2019est la seule date, le reste ce sont des mots, les siens. Il reste l\u00e0 jusqu\u2019en septembre, au milieu aujourd\u2019hui des pistes de la station en plein essor. Puis il descend dans la vall\u00e9e, pour l\u2019heure des pommes, des poires, pour toutes ces autres heures qui l\u2019attendent l\u00e0-bas, dans le village.<\/p>\n<p>Il me tend un verre, rempli de g\u00e9n\u00e9pi, c\u2019est du bon vous pouvez y aller, je le fais moi-m\u00eame\u00a0: il me montre la plante s\u00e9ch\u00e9e dont il extrait son alcool des cimes. L\u2019autre bouteille, il la cache, il sert en tenant l\u2019ensemble dans un grand sac de toile\u00a0: \u00e7a c\u2019est du fort, vous m\u2019en direz des nouvelles. Je d\u00e9cline l\u2019offre et le remercie, j&#8217;ai d\u00e9j\u00e0 du mal avec le premier. Une seule femme \u00e0 c\u00f4t\u00e9 de moi, elle tend son verre, elle lui plait:<\/p>\n<ul>\n<li>Vous venez d\u2019o\u00f9\u00a0? il demande.<\/li>\n<li>De Vend\u00e9e, elle r\u00e9pond.<\/li>\n<li>Houl\u00e0, c\u2019est loin \u00e7a.<\/li>\n<li>Oui, mais avant j&#8217;\u00e9tais en cure \u00e0 Aix-les-Bains, c\u2019est bien et pas cher, enfin c\u2019est la s\u00e9cu qui paye hein. C\u2019est pour mon dos, \u00e7a fait onze ans que je fais \u00e7a.<\/li>\n<li>Et \u00e7a y fait mieux\u00a0?<\/li>\n<li>Oh je sais pas, mais j\u2019y ai droit alors hein, pourquoi s\u2019en priver\u00a0!<\/li>\n<\/ul>\n<p>Le vieux montagnard repose, en pliant les genoux, ses bouteilles sur le seuil de sa maison. <strong>Cela fait longtemps qu\u2019il sait que le monde va \u00e0 vau-l&#8217;eau.<\/strong> Il le voit tous les jours en regardant descendre le long des pentes, comme des fous, les hommes scarab\u00e9es sur leurs v\u00e9los \u00e9lectriques. Cet hiver il y avait peu de neige, cet \u00e9t\u00e9 il n\u2019y aura bient\u00f4t plus ni herbe ni fleurs. Les hommes de la station sont inquiets : comment vont-ils remplir tous ces lits \u00e0 la saison prochaine ?<\/p>\n<p>Jean Ferrat avait raison, c&#8217;est s\u00fbr, l&#8217;automne est d\u00e9j\u00e0 l\u00e0.<\/p>\n<p>Je souris et le salue. Je ramasse mon sac \u00e0 dos et reprends ma marche sur les chemins\u00a0en gardant au creux du c\u0153ur les derniers mots trac\u00e9s sur le bord du toit \u00ab\u00a0<strong>Si la vie n\u2019est qu\u2019un passage, sur ce passage au moins semons des fleurs<\/strong>. Mario Vargas Llosa \u00bb.<\/p>\n<p>Avec toute mon amour pour nos montagnes,<\/p>\n<p><img loading=\"lazy\" decoding=\"async\" class=\"alignnone wp-image-368\" src=\"http:\/\/www.auvifdemaplume.fr\/wp-content\/uploads\/2017\/05\/SIGNATURE-02-300x151.png\" alt=\"\" width=\"121\" height=\"61\" srcset=\"https:\/\/www.auvifdemaplume.fr\/wp-content\/uploads\/2017\/05\/SIGNATURE-02-300x151.png 300w, https:\/\/www.auvifdemaplume.fr\/wp-content\/uploads\/2017\/05\/SIGNATURE-02-483x242.png 483w, https:\/\/www.auvifdemaplume.fr\/wp-content\/uploads\/2017\/05\/SIGNATURE-02-360x181.png 360w, https:\/\/www.auvifdemaplume.fr\/wp-content\/uploads\/2017\/05\/SIGNATURE-02-600x301.png 600w, https:\/\/www.auvifdemaplume.fr\/wp-content\/uploads\/2017\/05\/SIGNATURE-02-263x132.png 263w, https:\/\/www.auvifdemaplume.fr\/wp-content\/uploads\/2017\/05\/SIGNATURE-02.png 743w\" sizes=\"auto, (max-width: 121px) 100vw, 121px\" \/><\/p>\n","protected":false},"excerpt":{"rendered":"<p>Sur le seuil de son chalet, il propose aux rares randonneurs\u00a0un petit verre. Il a 70 ans, ou peut-\u00eatre 45, difficile \u00e0 dire. <strong>Pour qui a l\u2019habitude des visages des villes, ceux des montagnes sont des \u00e9nigmes<\/strong>. Peau tann\u00e9e, dents du bonheur, corps sec et noueux, il tend son sourire \u00e0 qui veut partager ce moment avec lui. C\u2019est l\u2019heure de la pause, c\u2019est ainsi, il commence le matin t\u00f4t par l\u2019heure de la traite, puis vient l\u2019heure du beurre, l\u2019heure du poulet, l\u2019heure du fromage avant la derni\u00e8re traite, et enfin l\u2019heure de rentrer les b\u00eates et dormir au bord de leurs corps chauds. \u00ab\u00a0Depuis qu\u2019ils ont remis les loups, je dois rentrer les b\u00eates\u00a0\u00bb, il dit cela comme s\u2019il parlait de l\u2019orage ou de la neige, un loup pas plus gros qu&#8217;un flocon noir.<\/p>\n<p>Sur sa porte, sur ses murs,<\/p>\n","protected":false},"author":3,"featured_media":733,"comment_status":"open","ping_status":"open","sticky":false,"template":"","format":"standard","meta":{"_exactmetrics_skip_tracking":false,"_exactmetrics_sitenote_active":false,"_exactmetrics_sitenote_note":"","_exactmetrics_sitenote_category":0,"footnotes":""},"categories":[4,1],"tags":[24,26,22],"class_list":["post-728","post","type-post","status-publish","format-standard","has-post-thumbnail","hentry","category-journal","category-uncategorized","tag-chemin-de-vie","tag-citoyennete","tag-ecologie"],"_links":{"self":[{"href":"https:\/\/www.auvifdemaplume.fr\/index.php\/wp-json\/wp\/v2\/posts\/728","targetHints":{"allow":["GET"]}}],"collection":[{"href":"https:\/\/www.auvifdemaplume.fr\/index.php\/wp-json\/wp\/v2\/posts"}],"about":[{"href":"https:\/\/www.auvifdemaplume.fr\/index.php\/wp-json\/wp\/v2\/types\/post"}],"author":[{"embeddable":true,"href":"https:\/\/www.auvifdemaplume.fr\/index.php\/wp-json\/wp\/v2\/users\/3"}],"replies":[{"embeddable":true,"href":"https:\/\/www.auvifdemaplume.fr\/index.php\/wp-json\/wp\/v2\/comments?post=728"}],"version-history":[{"count":11,"href":"https:\/\/www.auvifdemaplume.fr\/index.php\/wp-json\/wp\/v2\/posts\/728\/revisions"}],"predecessor-version":[{"id":784,"href":"https:\/\/www.auvifdemaplume.fr\/index.php\/wp-json\/wp\/v2\/posts\/728\/revisions\/784"}],"wp:featuredmedia":[{"embeddable":true,"href":"https:\/\/www.auvifdemaplume.fr\/index.php\/wp-json\/wp\/v2\/media\/733"}],"wp:attachment":[{"href":"https:\/\/www.auvifdemaplume.fr\/index.php\/wp-json\/wp\/v2\/media?parent=728"}],"wp:term":[{"taxonomy":"category","embeddable":true,"href":"https:\/\/www.auvifdemaplume.fr\/index.php\/wp-json\/wp\/v2\/categories?post=728"},{"taxonomy":"post_tag","embeddable":true,"href":"https:\/\/www.auvifdemaplume.fr\/index.php\/wp-json\/wp\/v2\/tags?post=728"}],"curies":[{"name":"wp","href":"https:\/\/api.w.org\/{rel}","templated":true}]}}