{"id":605,"date":"2017-07-13T07:29:51","date_gmt":"2017-07-13T07:29:51","guid":{"rendered":"http:\/\/www.auvifdemaplume.fr\/?p=605"},"modified":"2017-07-13T06:21:37","modified_gmt":"2017-07-13T06:21:37","slug":"retirence","status":"publish","type":"post","link":"https:\/\/www.auvifdemaplume.fr\/index.php\/2017\/07\/13\/retirence\/","title":{"rendered":"Retirence"},"content":{"rendered":"<p>Il existe une loi dans le monde.\u00a0<strong>C\u2019est une loi de d\u00e9pouillement<\/strong>. Certains diront d\u2019all\u00e8gement, d\u2019autres de renoncement, mais la r\u00e9alit\u00e9 est bien plus simple, elle parle de d\u00e9pouillement comme un avant-go\u00fbt du mot d\u00e9pouille que nous laisserons <em>in extremis <\/em>sur la terre, juste apr\u00e8s notre dernier souffle.<\/p>\n<p>Moi qui aime tant les mots, j\u2019avais envie de vous proposer\u00a0<strong><em>retirence<\/em><\/strong>,\u00a0<strong>un peu comme un contre-chant de l\u2019enfance<\/strong>. La\u00a0<em>retirenc<\/em>e comme le reflux n\u00e9cessaire \u00e0 la vague pour renaitre d\u2019elle-m\u00eame, comme l\u2019autre partie du tout, le mouvement contraire et donc bienvenu.<\/p>\n<p>Confucius, ce vieux sage qui nous vient d\u2019une Chine d\u00e9j\u00e0 bien \u00e9veill\u00e9e, avait 500 ans quand J\u00e9sus naquit et d\u00e9j\u00e0 il savait que la vie de l\u2019homme \u00e9tait scind\u00e9e en trois phases :<\/p>\n<ul>\n<li>la construction\u00a0: jusqu\u2019\u00e0 25 ans<\/li>\n<li>la maturit\u00e9\u00a0: de 25 \u00e0 50 ans<\/li>\n<li>le d\u00e9pouillement : au-del\u00e0 de 50 ans<\/li>\n<\/ul>\n<p>Il est \u00e9tonnant qu\u2019alors que<strong>\u00a0tout nous porte \u00e0 croire au temps cyclique<\/strong>\u00a0(les jours, les mar\u00e9es, les mois, les saisons, les fleurs, les fruits) nous nous soyons impos\u00e9s un temps lin\u00e9aire d\u00e8s notre premier souffle. \u00ab\u00a0Quel \u00e2ge as-tu\u00a0?\u00a0\u00bb est souvent la question que l\u2019on pose \u00e9tourdiment \u00e0 un enfant apr\u00e8s avoir \u00e9cout\u00e9 son pr\u00e9nom. Comme si cette mesure-l\u00e0 \u00e9tait essentielle. Qui ose pourtant encore le demander \u00e0 un adulte\u00a0? L\u2019essentiel est donc bien ailleurs, encore faut-il prendre le temps de le trouver.<\/p>\n<p>La\u00a0<em>retirence<\/em>\u00a0me semble \u00eatre une activit\u00e9 qui aujourd\u2019hui m\u2019\u00e9choit, comme un jour le fut mon enfance.\u00a0<strong>Il est de ma responsabilit\u00e9 de ne pas la saccager<\/strong>, je suis grande maintenant. Nul autre que moi \u00e0 d\u00e9noncer.<\/p>\n<p>Je suis frapp\u00e9e, le mot est juste, par cette vie tr\u00e9pidante qui continue d\u2019animer tant d&#8217;entre nous\u00a0: injoignables, insaisissables, \u00ab\u00a0inarr\u00eatables\u00a0\u00bb. O\u00f9 courons- nous ainsi\u00a0? Quel vide comblons-nous par tant d\u2019agitation\u00a0? Pour notre g\u00e9n\u00e9ration, que veut dire avancer sans amasser\u00a0? Chaque r\u00e9ponse ne peut \u00eatre qu\u2019individuelle et \u00e0 l\u2019aune d\u2019une prise de conscience de tout ce que cette vie tr\u00e9pidante ne nous a pas permis d\u2019explorer. Il est temps pour notre g\u00e9n\u00e9ration X de laisser la place aux jeunes, c\u2019est \u00e0 eux de se lancer, de construire, de produire.\u00a0<strong>Si nous occupons toutes les places, que leur reste-t-il\u00a0?\u00a0<\/strong><\/p>\n<p>Habitu\u00e9s \u00e0 nos vies de spirales &#8211; les avions, les r\u00e9unions, les d\u00e9cisions &#8211; convaincus de notre utilit\u00e9 ainsi et de sa valeur, nous pesons terriblement sur un syst\u00e8me qui de lui-m\u00eame s\u2019essouffle. Pourtant oui nos jeunes nous r\u00e9pondent, mais comme toujours, avec leurs mots\u00a0: les \u00ab Tanguys\u00a0\u00bb, la pr\u00e9carit\u00e9, les changements d\u2019orientation, l\u2019instabilit\u00e9, l\u2019impatience, l\u2019ind\u00e9cision, l\u2019ailleurs, l\u2019autrement, la souplesse, le partage, l\u2019\u00e9cologie, l\u2019humain\u2026<\/p>\n<p>Un grand ami chez qui je passais quelques jours et \u00e0 qui je disais \u00ab\u00a0j\u2019aime bien ce vase\u00a0\u00bb, me r\u00e9pondit \u00ab\u00a0Prends-le\u00a0\u00bb. Surprise, je lui demandais pourquoi me faire ce cadeau. \u00ab\u00a0Depuis l\u2019an dernier, j\u2019ai d\u00e9cid\u00e9 d\u2019all\u00e9ger. Chaque fois que quelqu\u2019un vient et me dit \u00ab\u00a0j\u2019aime\u00a0\u00bb je donne. Ce n\u2019est pas \u00e0 toi que je fais un cadeau, c\u2019est \u00e0 moi\u00a0\u00bb.<\/p>\n<p>Chacun sa fa\u00e7on d\u2019all\u00e9ger, chacun sa <em>retirence.<\/em><\/p>\n<p>Mes grands-m\u00e8res avaient 45 ans \u00e0 ma naissance et quand je regarde les photos de mon enfance, je ne vois que peu de ressemblances entre elles et moi aujourd\u2019hui. Pourtant\u00a0<strong>j\u2019ai d\u00e9j\u00e0 dix ans de plus qu\u2019elles<\/strong>\u00a0et je ne suis toujours que m\u00e8re \u00e0 un \u00e2ge o\u00f9 ma m\u00e8re avait d\u00e9j\u00e0 la joie de conna\u00eetre sa descendance. C\u2019est pourquoi chaque jour, j\u2019aime \u00e0 me rappeler qu&#8217;il est de ma responsabilit\u00e9\u00a0<strong>d&#8217;aider les jeunes \u00e0 croire en la vie <\/strong>en \u00e9tant simplement disponible, pr\u00eate \u00e0 les \u00e9couter,\u00a0les aider, les soutenir. Pour moi, finis les avions, les r\u00e9unions, les d\u00e9cisions, la mort, en me fr\u00f4lant, m&#8217;a laiss\u00e9 ce cadeau. C&#8217;est toujours difficile d&#8217;apprendre \u00e0 vibrer de choses nouvelles, mais la vie est g\u00e9n\u00e9reuse. Je crois sinc\u00e8rement qu&#8217;il est possible, \u00e0 l&#8217;aide d&#8217;un chapelet de nouveaux mots &#8211; renoncement, \u00e9merveillement, spontan\u00e9it\u00e9 &#8211; de trouver dans la <em>retirence<\/em>\u00a0encore plus d&#8217;\u00e9l\u00e9gance que dans l&#8217;enfance, apr\u00e8s ce long et f\u00e9roce d\u00e9tour par l&#8217;existence.<\/p>\n<p><strong>Il est grand temps d\u2019honorer le cycle et de ne pas bloquer la ligne<\/strong>. Cela me ferait grand plaisir que vous partagiez avec moi ce que vous \u00e9voque\u00a0le mot\u00a0<em>retirence.<\/em><\/p>\n<p>Avec toute ma l\u00e9g\u00e8ret\u00e9,<\/p>\n<p><img loading=\"lazy\" decoding=\"async\" class=\"alignnone wp-image-368\" src=\"http:\/\/www.auvifdemaplume.fr\/wp-content\/uploads\/2017\/05\/SIGNATURE-02-300x151.png\" alt=\"ma flamme vous accompagne\" width=\"167\" height=\"84\" srcset=\"https:\/\/www.auvifdemaplume.fr\/wp-content\/uploads\/2017\/05\/SIGNATURE-02-300x151.png 300w, https:\/\/www.auvifdemaplume.fr\/wp-content\/uploads\/2017\/05\/SIGNATURE-02-483x242.png 483w, https:\/\/www.auvifdemaplume.fr\/wp-content\/uploads\/2017\/05\/SIGNATURE-02-360x181.png 360w, https:\/\/www.auvifdemaplume.fr\/wp-content\/uploads\/2017\/05\/SIGNATURE-02-600x301.png 600w, https:\/\/www.auvifdemaplume.fr\/wp-content\/uploads\/2017\/05\/SIGNATURE-02-263x132.png 263w, https:\/\/www.auvifdemaplume.fr\/wp-content\/uploads\/2017\/05\/SIGNATURE-02.png 743w\" sizes=\"auto, (max-width: 167px) 100vw, 167px\" \/><\/p>\n","protected":false},"excerpt":{"rendered":"<p>Il existe une loi dans le monde.\u00a0<strong>C\u2019est une loi de d\u00e9pouillement<\/strong>. Certains diront d\u2019all\u00e8gement, d\u2019autres de renoncement, mais la r\u00e9alit\u00e9 est bien plus simple, elle parle de d\u00e9pouillement comme un avant-go\u00fbt du mot d\u00e9pouille que nous laisserons <em>in extremis <\/em>sur la terre, juste apr\u00e8s notre dernier souffle.<\/p>\n<p>Moi qui aime tant les mots, j\u2019avais envie de vous proposer\u00a0<strong><em>retirence<\/em><\/strong>,\u00a0<strong>un peu comme un contre-chant de l\u2019enfance<\/strong>. La\u00a0<em>retirenc<\/em>e comme le reflux n\u00e9cessaire \u00e0 la vague pour renaitre d\u2019elle-m\u00eame, comme l\u2019autre partie du tout, le mouvement contraire et donc bienvenu.<\/p>\n<p>Confucius, ce vieux sage qui nous vient d\u2019une Chine d\u00e9j\u00e0 bien \u00e9veill\u00e9e, avait 500 ans quand J\u00e9sus naquit et d\u00e9j\u00e0 il savait que la vie de l\u2019homme \u00e9tait scind\u00e9e en trois phases :<\/p>\n<ul>\n<li>la construction\u00a0: jusqu\u2019\u00e0 25 ans<\/li>\n<li>la maturit\u00e9\u00a0: de 25 \u00e0 50 ans<\/li>\n<li>le d\u00e9pouillement : au-del\u00e0 de 50 ans<\/li>\n<\/ul>\n<p>Il est \u00e9tonnant qu\u2019alors que<strong>\u00a0tout nous porte \u00e0 croire au temps cyclique<\/strong>\u00a0(les jours,<\/p>\n","protected":false},"author":3,"featured_media":619,"comment_status":"open","ping_status":"open","sticky":false,"template":"","format":"standard","meta":{"_exactmetrics_skip_tracking":false,"_exactmetrics_sitenote_active":false,"_exactmetrics_sitenote_note":"","_exactmetrics_sitenote_category":0,"footnotes":""},"categories":[1],"tags":[24,25],"class_list":["post-605","post","type-post","status-publish","format-standard","has-post-thumbnail","hentry","category-uncategorized","tag-chemin-de-vie","tag-responsabilite"],"_links":{"self":[{"href":"https:\/\/www.auvifdemaplume.fr\/index.php\/wp-json\/wp\/v2\/posts\/605","targetHints":{"allow":["GET"]}}],"collection":[{"href":"https:\/\/www.auvifdemaplume.fr\/index.php\/wp-json\/wp\/v2\/posts"}],"about":[{"href":"https:\/\/www.auvifdemaplume.fr\/index.php\/wp-json\/wp\/v2\/types\/post"}],"author":[{"embeddable":true,"href":"https:\/\/www.auvifdemaplume.fr\/index.php\/wp-json\/wp\/v2\/users\/3"}],"replies":[{"embeddable":true,"href":"https:\/\/www.auvifdemaplume.fr\/index.php\/wp-json\/wp\/v2\/comments?post=605"}],"version-history":[{"count":17,"href":"https:\/\/www.auvifdemaplume.fr\/index.php\/wp-json\/wp\/v2\/posts\/605\/revisions"}],"predecessor-version":[{"id":710,"href":"https:\/\/www.auvifdemaplume.fr\/index.php\/wp-json\/wp\/v2\/posts\/605\/revisions\/710"}],"wp:featuredmedia":[{"embeddable":true,"href":"https:\/\/www.auvifdemaplume.fr\/index.php\/wp-json\/wp\/v2\/media\/619"}],"wp:attachment":[{"href":"https:\/\/www.auvifdemaplume.fr\/index.php\/wp-json\/wp\/v2\/media?parent=605"}],"wp:term":[{"taxonomy":"category","embeddable":true,"href":"https:\/\/www.auvifdemaplume.fr\/index.php\/wp-json\/wp\/v2\/categories?post=605"},{"taxonomy":"post_tag","embeddable":true,"href":"https:\/\/www.auvifdemaplume.fr\/index.php\/wp-json\/wp\/v2\/tags?post=605"}],"curies":[{"name":"wp","href":"https:\/\/api.w.org\/{rel}","templated":true}]}}