{"id":2081,"date":"2020-11-08T16:10:53","date_gmt":"2020-11-08T16:10:53","guid":{"rendered":"http:\/\/www.auvifdemaplume.fr\/?p=2081"},"modified":"2020-11-10T15:57:20","modified_gmt":"2020-11-10T15:57:20","slug":"le-miracle-a-linfini","status":"publish","type":"post","link":"https:\/\/www.auvifdemaplume.fr\/index.php\/2020\/11\/08\/le-miracle-a-linfini\/","title":{"rendered":"Le miracle, \u00e0 l&#8217;infini."},"content":{"rendered":"\n<p>Le po\u00e8te suscite l&#8217;\u00e9criture qui ensuite le soutient et le guide dans son parcours aveugle. Ils cheminent ensemble au c\u0153ur de la for\u00eat des mots, non pas en qu\u00eate de fusion mais vers la cr\u00e9ation.<br>Attel\u00e9e \u00e0 l&#8217;\u00e9criture, c&#8217;est aussi vers elle que je vais de mon pas tant\u00f4t l\u00e9ger comme une plume, tant\u00f4t lourd d&#8217;incertitudes.<\/p>\n\n\n\n<p>Ce matin dans la for\u00eat, une pluie d&#8217;or a baign\u00e9 mon visage. J&#8217;ai arpent\u00e9 les chemins tapiss\u00e9s de feuilles, hum\u00e9 les effluves de champignons et de bois coup\u00e9 qui saturaient l&#8217;air, travers\u00e9 une f\u00e9erie de couleurs d\u00e9pos\u00e9e cette nuit par la main experte d&#8217;un automne au sommet de son art.<br>Les yeux lev\u00e9s vers le ciel, il me semblait marcher sous une voute de tableaux de S\u00e9raphine Louis. Elle me guidait dans sa galerie, lumineuse, inspir\u00e9e, fr\u00e9missante. Nul autre qu&#8217;elle n&#8217;aurait pu \u00e0 ce point me faire ressentir le luxe de ce royaume.<\/p>\n\n\n\n<p>Elle nait en 1864 un jour de septembre o\u00f9 la chaleur de l&#8217;\u00e9t\u00e9 s&#8217;enfuit \u00e0 petits pas sous un soleil qui rehausse d\u00e9j\u00e0 sa palette de quelques touches automnales. Sa m\u00e8re a accouch\u00e9 d&#8217;une nouvelle fille comme on v\u00eale, son p\u00e8re rentrera peut-\u00eatre ce soir, s&#8217;il n&#8217;a pas trouv\u00e9 \u00e0 qui louer ses bras. La vie est rude pour la famille Louis et le pire qui peut arriver ne tarde pas&nbsp;: S\u00e9raphine n&#8217;a qu&#8217;un an quand elle perd sa m\u00e8re, sept quand elle devient orpheline. Elle sera l&#8217;enfant solitaire de maigres troupeaux dans cette Oise paysanne recul\u00e9e avant d&#8217;\u00eatre plac\u00e9e comme domestique au couvent des Soeurs de la Providence, les bien-nomm\u00e9es.<\/p>\n\n\n\n<p>Elle r\u00e9cure, astique, encaustique toute la journ\u00e9e, pli\u00e9e en deux, impr\u00e9gn\u00e9e, fascin\u00e9e, par les chants religieux, le fr\u00f4lement des lourds tissus immacul\u00e9s sur les dalles cir\u00e9es, les murmures et les rires de ces femmes entre elles. S\u00e9raphine n&#8217;a plus peur, elle a trouv\u00e9 sa voie, ce sera Dieu, son Dieu \u00e0 elle toute seule. Alors elle se met \u00e0 chanter. Elle n&#8217;y comprend rien mais m\u00e9morise tout, \u00e7a monte et \u00e7a descend, une seule voix, c&#8217;est simple. Ici on cherche l&#8217;harmonie dans l&#8217;unisson, l&#8217;accord le plus plat et le plus puissant qu&#8217;on puisse trouver entre les voix. La musique est secondaire, c&#8217;est le texte qui m\u00e8ne, transperce, transcende&nbsp;: pendant trente ans S\u00e9raphine chante sept fois par jour des Vigiles aux Complies les textes sacr\u00e9s latins. Et quand enfin \u00e0 la tomb\u00e9e de la nuit, toutes les lumi\u00e8res s&#8217;\u00e9teignent, elle regarde le c\u0153ur plein de joie la statue de la vierge Marie, \u00e9clair\u00e9e de fr\u00eales bougies, transfigur\u00e9e par le Salve Regina du dernier ch\u0153ur..<\/p>\n\n\n\n<p>Les S\u0153urs ont fait v\u0153u d&#8217;\u00e9ducation, charit\u00e9 bien ordonn\u00e9e commence par soi-m\u00eame&nbsp;: ici S\u00e9raphine apprendra \u00e0 lire et \u00e0 \u00e9crire. Elle d\u00e9couvrira le fran\u00e7ais et conservera au fond de son c\u0153ur le latin comme la langue de l&#8217;art absolu&nbsp;: celle qu&#8217;on chante et qu&#8217;on illustre d&#8217;enluminures flamboyantes.<\/p>\n\n\n\n<p>Dans les rares heures vol\u00e9es \u00e0 son dur labeur, elle commence \u00e0 pr\u00e9parer les si belles couleurs qu&#8217;elle a vues dans les livres adress\u00e9s \u00e0 Dieu. Elle r\u00e9colte le noir au fond des ruisseaux, le rouge \u00e0 la gorge \u00e9carlate des b\u0153ufs, le bleu au c\u0153ur des chardons, elle s&#8217;arr\u00eate essouffl\u00e9e dans sa corv\u00e9e de bois sous les grands arbres chevelus, elle l\u00e8ve son visage vers le ciel et elle voit de tout l\u00e0-haut la lumi\u00e8re qui arrive, comme une promesse. La nuit, seule au fond de sa souillarde, elle se met \u00e0 chanter et \u00e0 peindre dans un m\u00eame \u00e9lan spirituel, en extase, des fleurs, des fruits et des feuilles, en offrande \u00e0 Dieu.<\/p>\n\n\n\n<p>Ce sont ses feuilles, ses branches, d&#8217;une insolence folle qui viennent ce matin m&#8217;aider \u00e0 d\u00e9chiffrer la canop\u00e9e multicolore. Parce que tout est toujours bien \u00e0 elle, S\u00e9raphine nous donne tout. Elle redonne la vue \u00e0 mon pas aveugle, la confiance en demain \u00e0 mon b\u00e2ton h\u00e9sitant et la certitude que la beaut\u00e9 existe en tout lieu pour qui sait vivre dans l&#8217;\u00e9merveillement. Ses derni\u00e8res volont\u00e9s \u00e9taient que soit inscrit sur sa tombe : <em>Ici repose S\u00e9raphine Louis, sans rivale, et attendant la r\u00e9surrection bienheureuse<\/em>. Elle n&#8217;a pas \u00e9t\u00e9 entendue par ses contemporains mais elle aura finalement \u00e9t\u00e9 exauc\u00e9e.<\/p>\n\n\n\n<p>Avec toute ma joie,<\/p>\n\n\n\n<figure class=\"wp-block-image is-resized\"><img loading=\"lazy\" decoding=\"async\" src=\"http:\/\/www.auvifdemaplume.fr\/wp-content\/uploads\/2017\/05\/SIGNATURE-02-300x151.png\" alt=\"\" class=\"wp-image-368\" width=\"188\" height=\"95\" srcset=\"https:\/\/www.auvifdemaplume.fr\/wp-content\/uploads\/2017\/05\/SIGNATURE-02-300x151.png 300w, https:\/\/www.auvifdemaplume.fr\/wp-content\/uploads\/2017\/05\/SIGNATURE-02-483x242.png 483w, https:\/\/www.auvifdemaplume.fr\/wp-content\/uploads\/2017\/05\/SIGNATURE-02-360x181.png 360w, https:\/\/www.auvifdemaplume.fr\/wp-content\/uploads\/2017\/05\/SIGNATURE-02-600x301.png 600w, https:\/\/www.auvifdemaplume.fr\/wp-content\/uploads\/2017\/05\/SIGNATURE-02-263x132.png 263w, https:\/\/www.auvifdemaplume.fr\/wp-content\/uploads\/2017\/05\/SIGNATURE-02.png 743w\" sizes=\"auto, (max-width: 188px) 100vw, 188px\" \/><\/figure>\n","protected":false},"excerpt":{"rendered":"<p>Le po\u00e8te suscite l&#8217;\u00e9criture qui ensuite le soutient et le guide dans son parcours aveugle. Ils cheminent ensemble au c\u0153ur de la for\u00eat des mots, non pas en qu\u00eate de fusion mais vers la cr\u00e9ation.<br \/>Attel\u00e9e \u00e0 l&#8217;\u00e9criture, c&#8217;est aussi vers elle que je vais de mon pas tant\u00f4t l\u00e9ger comme une plume, tant\u00f4t lourd d&#8217;incertitudes.<\/p>\n<p>Ce matin dans la for\u00eat, une pluie d&#8217;or a baign\u00e9 mon visage. J&#8217;ai arpent\u00e9 les chemins tapiss\u00e9s de feuilles, hum\u00e9 les effluves de champignons et de bois coup\u00e9 qui saturaient l&#8217;air, travers\u00e9 une f\u00e9erie de couleurs d\u00e9pos\u00e9e cette nuit par la main experte d&#8217;un automne au sommet de son art.<br \/>Les yeux lev\u00e9s vers le ciel, il me semblait marcher sous une voute de tableaux de S\u00e9raphine Louis. Elle me guidait dans sa galerie, lumineuse, inspir\u00e9e, fr\u00e9missante. Nul autre qu&#8217;elle n&#8217;aurait pu \u00e0 ce point me faire ressentir le luxe de ce royaume.<\/p>\n","protected":false},"author":3,"featured_media":2083,"comment_status":"open","ping_status":"open","sticky":false,"template":"","format":"standard","meta":{"_exactmetrics_skip_tracking":false,"_exactmetrics_sitenote_active":false,"_exactmetrics_sitenote_note":"","_exactmetrics_sitenote_category":0,"footnotes":""},"categories":[1],"tags":[21,34,32],"class_list":["post-2081","post","type-post","status-publish","format-standard","has-post-thumbnail","hentry","category-uncategorized","tag-artiste","tag-lumiere","tag-nature"],"_links":{"self":[{"href":"https:\/\/www.auvifdemaplume.fr\/index.php\/wp-json\/wp\/v2\/posts\/2081","targetHints":{"allow":["GET"]}}],"collection":[{"href":"https:\/\/www.auvifdemaplume.fr\/index.php\/wp-json\/wp\/v2\/posts"}],"about":[{"href":"https:\/\/www.auvifdemaplume.fr\/index.php\/wp-json\/wp\/v2\/types\/post"}],"author":[{"embeddable":true,"href":"https:\/\/www.auvifdemaplume.fr\/index.php\/wp-json\/wp\/v2\/users\/3"}],"replies":[{"embeddable":true,"href":"https:\/\/www.auvifdemaplume.fr\/index.php\/wp-json\/wp\/v2\/comments?post=2081"}],"version-history":[{"count":11,"href":"https:\/\/www.auvifdemaplume.fr\/index.php\/wp-json\/wp\/v2\/posts\/2081\/revisions"}],"predecessor-version":[{"id":2097,"href":"https:\/\/www.auvifdemaplume.fr\/index.php\/wp-json\/wp\/v2\/posts\/2081\/revisions\/2097"}],"wp:featuredmedia":[{"embeddable":true,"href":"https:\/\/www.auvifdemaplume.fr\/index.php\/wp-json\/wp\/v2\/media\/2083"}],"wp:attachment":[{"href":"https:\/\/www.auvifdemaplume.fr\/index.php\/wp-json\/wp\/v2\/media?parent=2081"}],"wp:term":[{"taxonomy":"category","embeddable":true,"href":"https:\/\/www.auvifdemaplume.fr\/index.php\/wp-json\/wp\/v2\/categories?post=2081"},{"taxonomy":"post_tag","embeddable":true,"href":"https:\/\/www.auvifdemaplume.fr\/index.php\/wp-json\/wp\/v2\/tags?post=2081"}],"curies":[{"name":"wp","href":"https:\/\/api.w.org\/{rel}","templated":true}]}}