{"id":1949,"date":"2020-03-18T18:15:58","date_gmt":"2020-03-18T18:15:58","guid":{"rendered":"http:\/\/www.auvifdemaplume.fr\/?p=1949"},"modified":"2020-11-04T15:11:05","modified_gmt":"2020-11-04T15:11:05","slug":"le-printemps-tellement","status":"publish","type":"post","link":"https:\/\/www.auvifdemaplume.fr\/index.php\/2020\/03\/18\/le-printemps-tellement\/","title":{"rendered":"Le printemps, tellement!"},"content":{"rendered":"\n<p>JOUR<\/p>\n\n\n\n<p><em>Pour faire une prairie, prenez un tr\u00e8fle et une seule abeille &#8211;  un seul tr\u00e8fle et une abeille, et la r\u00eaverie &#8211; La r\u00eaverie seule suffira, si on manque d&#8217;abeilles.<\/em> <br>\u00ab Est-ce que ce que j&#8217;\u00e9cris est vivant ? \u00bb demandait Emily Dickinson \u00e0 son \u00e9diteur qui ne l&#8217;\u00e9ditait pas. Et \u00e7a lui \u00e9tait bien \u00e9gal. Rien plut\u00f4t que toucher un cheveu des anges qu&#8217;elle dessinait, mot apr\u00e8s mot, sur ses cahiers d&#8217;enfant sage.<br>\u00ab J&#8217;ai tant besoin de vous depuis que je chanc\u00e8le \u00bb lettre \u00e0 Sue, sa grande amie, sa belle-s\u0153ur, sa voisine, son amour sublim\u00e9.<\/p>\n\n\n\n<p>JOUR<\/p>\n\n\n\n<p>La pression continue &#8211; verbe au pr\u00e9sent actif \u2013 adjectif au passif puissant &#8211;<br>La col\u00e8re monte en moi et je m&#8217;y soumets. Ma vie int\u00e9rieure est encore trop fragile. Elle se trouve \u00e0 cette \u00e9tape du chemin o\u00f9, d\u00e9j\u00e0 d\u00e9poss\u00e9d\u00e9e de son armure, elle ne sait pas encore accueillir avec simplicit\u00e9 la r\u00e9alit\u00e9. J&#8217;ai envie de me laisser doucher par ces trombes d&#8217;eau qui noient nos terres et nos rivi\u00e8res depuis des jours et des nuits. Pour me laver, me laver encore. Encore et encore.<\/p>\n\n\n\n<p>JOUR<\/p>\n\n\n\n<p>Notre courageux abricotier laisse une fois de plus \u00e9clore ses fleurs fragiles qui se moquent des sautes d&#8217;humeur des nuages, le rose aux joues. Elles affichent une gr\u00e2ce ent\u00eat\u00e9e qui r\u00e9sume \u00e0 elle seule la po\u00e9sie d&#8217;Emily. Je vois que maintenant je pourrais vivre recluse, si telle \u00e9tait ma route. Je suis dans cet espace sacr\u00e9 entre les ablutions et l&#8217;offrande. Lav\u00e9e de beaucoup, je ne sais pas encore bien que donner au monde.<br>Restons tourn\u00e9e vers l&#8217;int\u00e9rieur, c&#8217;est l\u00e0 que si\u00e8ge la lumi\u00e8re.<\/p>\n\n\n\n<p>JOUR<\/p>\n\n\n\n<p>Tout s&#8217;\u00e9carte devant la menace invisible. Chacun retient son souffle, se lave les mains \u00e0 s&#8217;en arracher la peau, attend la suite, calfeutr\u00e9 chez soi, le nez coll\u00e9 aux nouvelles alarmantes. Le monde entier est touch\u00e9, comme avec les burgers, le plastique, la pollution. Mais bizarrement l\u00e0, enfin, \u00e7a s&#8217;arr\u00eate.<br>Elle a un nom \u00e9trange la petite b\u00eate qui monte, qui monte. Elle attaque ceux qui passent \u00e0 sa port\u00e9e, certains dans le silence &#8211; ce seront ses ambassadeurs &#8211; d&#8217;autres \u00e0 grands fracas &#8211; ce seront ses symboles. \u00ab Regardez ma puissance, je fais ce que je veux, comme je veux. Je me moque des fronti\u00e8res, des races, des langues, je prends le train, l&#8217;avion, le m\u00e9tro, cach\u00e9e dans vos poumons. Je touche le faible comme le fort, le riche et le pauvre, le jeune et le vieux. \u00bb.<br>La nature nous ravit. Toujours.<\/p>\n\n\n\n<p>JOUR<\/p>\n\n\n\n<p>L&#8217;abricotier tout pomponn\u00e9 se laisse caresser des rayons d\u00e9j\u00e0 chauds. Les primev\u00e8res, pointilleuses, pars\u00e8ment l&#8217;herbe sucr\u00e9e de touches mauves, blanches ou roses, au gr\u00e9 du vent. Les tulipes d\u00e9ploient prudemment leurs corps frip\u00e9s de sommeil, sous le regard tendre des jonquilles aux yeux jaunes.<br>Tellement ivres, les abeilles qui tourbillonnent au ras du sol, \u00e0 la cime des arbres.<br>Tellement argent\u00e9es les mille fl\u00fbtes qui chapardent leur musique et leur livrent leurs bouches.<\/p>\n\n\n\n<p>JOUR<\/p>\n\n\n\n<p>J&#8217;ai de la chance : je suis confin\u00e9e entre Emily Dickinson et la for\u00eat. Leur po\u00e9sie berce mon imagination et me donne envie d&#8217;\u00eatre meilleure. Elle m&#8217;aide \u00e0 respirer. Les concertos de Bach tissent leur toile harmonique autour de notre petit th\u00e9\u00e2tre. La sc\u00e8ne se r\u00e9p\u00e8te chaque matin, nos rides se creusent \u00e0 peine et Minnie \u00e9tire son sourire d&#8217;ange. Chaque m\u00e9daille a son endroit. Pour nous ce sera ici. Dans cette immense chaleur d&#8217;amour distribu\u00e9e sans compter par une petite touffe de poils blancs qui a deux ans aujourd&#8217;hui et une magicienne de cinq semaines qui connait tous les philtres et les emploie \u00e0 volont\u00e9.<\/p>\n\n\n\n<figure class=\"wp-block-image is-resized\"><img loading=\"lazy\" decoding=\"async\" src=\"http:\/\/www.auvifdemaplume.fr\/wp-content\/uploads\/2017\/05\/SIGNATURE-02-300x151.png\" alt=\"\" class=\"wp-image-368\" width=\"188\" height=\"95\" srcset=\"https:\/\/www.auvifdemaplume.fr\/wp-content\/uploads\/2017\/05\/SIGNATURE-02-300x151.png 300w, https:\/\/www.auvifdemaplume.fr\/wp-content\/uploads\/2017\/05\/SIGNATURE-02-483x242.png 483w, https:\/\/www.auvifdemaplume.fr\/wp-content\/uploads\/2017\/05\/SIGNATURE-02-360x181.png 360w, https:\/\/www.auvifdemaplume.fr\/wp-content\/uploads\/2017\/05\/SIGNATURE-02-600x301.png 600w, https:\/\/www.auvifdemaplume.fr\/wp-content\/uploads\/2017\/05\/SIGNATURE-02-263x132.png 263w, https:\/\/www.auvifdemaplume.fr\/wp-content\/uploads\/2017\/05\/SIGNATURE-02.png 743w\" sizes=\"auto, (max-width: 188px) 100vw, 188px\" \/><\/figure>\n","protected":false},"excerpt":{"rendered":"<p>JOUR<\/p>\n<p><em>Pour faire une prairie, prenez un tr\u00e8fle et une seule abeille &#8211;  un seul tr\u00e8fle et une abeille, et la r\u00eaverie &#8211; La r\u00eaverie seule suffira, si on manque d&#8217;abeilles.<\/em> <br \/>\u00ab Est-ce que ce que j&#8217;\u00e9cris est vivant ? \u00bb demandait Emily Dickinson \u00e0 son \u00e9diteur qui ne l&#8217;\u00e9ditait pas. Et \u00e7a lui \u00e9tait bien \u00e9gal. Rien plut\u00f4t que toucher un cheveu des anges qu&#8217;elle dessinait, mot apr\u00e8s mot, sur ses cahiers d&#8217;enfant sage.<br \/>\u00ab J&#8217;ai tant besoin de vous depuis que je chanc\u00e8le \u00bb lettre \u00e0 Sue, sa grande amie, sa belle-s\u0153ur, sa voisine, son amour sublim\u00e9.<\/p>\n<p>JOUR<\/p>\n<p>La pression continue &#8211; verbe au pr\u00e9sent actif \u2013 adjectif au passif puissant &#8211;<br \/>La col\u00e8re monte en moi et je m&#8217;y soumets. Ma vie int\u00e9rieure est encore trop fragile. Elle se trouve \u00e0 cette \u00e9tape du chemin o\u00f9,<\/p>\n","protected":false},"author":3,"featured_media":2023,"comment_status":"open","ping_status":"open","sticky":false,"template":"","format":"standard","meta":{"_exactmetrics_skip_tracking":false,"_exactmetrics_sitenote_active":false,"_exactmetrics_sitenote_note":"","_exactmetrics_sitenote_category":0,"footnotes":""},"categories":[1],"tags":[16,32,33],"class_list":["post-1949","post","type-post","status-publish","format-standard","has-post-thumbnail","hentry","category-uncategorized","tag-ecrire","tag-nature","tag-poesie"],"_links":{"self":[{"href":"https:\/\/www.auvifdemaplume.fr\/index.php\/wp-json\/wp\/v2\/posts\/1949","targetHints":{"allow":["GET"]}}],"collection":[{"href":"https:\/\/www.auvifdemaplume.fr\/index.php\/wp-json\/wp\/v2\/posts"}],"about":[{"href":"https:\/\/www.auvifdemaplume.fr\/index.php\/wp-json\/wp\/v2\/types\/post"}],"author":[{"embeddable":true,"href":"https:\/\/www.auvifdemaplume.fr\/index.php\/wp-json\/wp\/v2\/users\/3"}],"replies":[{"embeddable":true,"href":"https:\/\/www.auvifdemaplume.fr\/index.php\/wp-json\/wp\/v2\/comments?post=1949"}],"version-history":[{"count":15,"href":"https:\/\/www.auvifdemaplume.fr\/index.php\/wp-json\/wp\/v2\/posts\/1949\/revisions"}],"predecessor-version":[{"id":2049,"href":"https:\/\/www.auvifdemaplume.fr\/index.php\/wp-json\/wp\/v2\/posts\/1949\/revisions\/2049"}],"wp:featuredmedia":[{"embeddable":true,"href":"https:\/\/www.auvifdemaplume.fr\/index.php\/wp-json\/wp\/v2\/media\/2023"}],"wp:attachment":[{"href":"https:\/\/www.auvifdemaplume.fr\/index.php\/wp-json\/wp\/v2\/media?parent=1949"}],"wp:term":[{"taxonomy":"category","embeddable":true,"href":"https:\/\/www.auvifdemaplume.fr\/index.php\/wp-json\/wp\/v2\/categories?post=1949"},{"taxonomy":"post_tag","embeddable":true,"href":"https:\/\/www.auvifdemaplume.fr\/index.php\/wp-json\/wp\/v2\/tags?post=1949"}],"curies":[{"name":"wp","href":"https:\/\/api.w.org\/{rel}","templated":true}]}}