{"id":1804,"date":"2019-05-01T09:41:35","date_gmt":"2019-05-01T09:41:35","guid":{"rendered":"http:\/\/www.auvifdemaplume.fr\/?p=1804"},"modified":"2019-05-03T10:06:16","modified_gmt":"2019-05-03T10:06:16","slug":"le-chant-daujourdhui-construis-le-ils-viendront-rhapsodie-3","status":"publish","type":"post","link":"https:\/\/www.auvifdemaplume.fr\/index.php\/2019\/05\/01\/le-chant-daujourdhui-construis-le-ils-viendront-rhapsodie-3\/","title":{"rendered":"Le chant d&#8217;aujourd&#8217;hui -&#8220;Construis-le, ils viendront.&#8221; (Rhapsodie 3)"},"content":{"rendered":"\n<p>Le printemps est l\u00e0. La for\u00eat se teinte d&#8217;un vert tendre qui ravit l&#8217;\u00e2me. Encore une fois, la terre, notre grosse Maman, nous pardonne tous nos p\u00e9ch\u00e9s. Elle se v\u00eat de neuf et de fragile devant nos yeux aveugles pour la plupart, malvoyants pour le reste.<\/p>\n\n\n\n<p>J&#8217;ai commenc\u00e9 un cycle de textes sur la voix : mes rhapsodies. Je me souviens de cet atelier il y a une dizaine d&#8217;ann\u00e9es &#8220;Vous avez trouv\u00e9 une lampe. En la frottant un bon g\u00e9nie en sort et vous dit : dis ce que tu veux et tu l&#8217;auras, mais une seule fois&#8221;. Nous \u00e9tions quarante et personne n&#8217;avait os\u00e9 prendre la parole, \u00e9mettre un voeu. Silence. L&#8217;animateur avait alors repris&#8221; Regardez dans quel \u00e9tat de stup\u00e9faction vous \u00eates. M\u00eame au sein d&#8217;un groupe bienveillant et sans aucun enjeu, vous \u00eates muets sur vos envies&#8221;. Alors il avait choisi au hasard un homme face \u00e0 lui et la ronde avait commenc\u00e9 \u00e0 tourner dans le sens des aiguilles du temps, glissant de silences en balbutiements. Les premiers voeux \u00e9taient des miettes. Ne pas r\u00eaver ou si on r\u00eave que ce soit petit et en noir et blanc.<\/p>\n\n\n\n<p>Je redoutais mon passage, comme s&#8217;il ce fut agi d&#8217;une \u00e9preuve douloureuse. La piqure de la vie approchait et mon esprit, pourtant fertile, ressemblait \u00e0 un champ de coton. Il nous fallut plusieurs tours pour nous \u00e9chauffer et mettre un peu de couleurs et de perspectives sur nos \u00e9crans plats. Au bout d&#8217;un moment je finis par dire &#8220;Je voudrais cr\u00e9er une \u00e9cole pour la voix&#8221;. Une \u00e9cole de chant ? me demanda de pr\u00e9ciser l&#8217;animateur. &#8220;Non, pas sp\u00e9cifiquement, je voudrais prendre soin de la voix des gens&#8221; et la ronde se remit \u00e0 tourner. <br>Quelle ne fut pas ma surprise, au d\u00e9jeuner partag\u00e9 suivant, de me retrouver entour\u00e9e de quelques compatriotes me demandant pourquoi et comment j&#8217;allais cr\u00e9er cette \u00e9cole. Le repas fut joyeux et cr\u00e9atif et plusieurs me firent promettre de les tenir au courant de la suite&#8230;<\/p>\n\n\n\n<p>Cr\u00e9er une \u00e9cole n&#8217;est pas ma route, je le sais, mais ce jour-l\u00e0 j&#8217;ai engramm\u00e9 quelque part en moi la possibilit\u00e9 d&#8217;une ile. Il me restait \u00e0 tisser les ponts entre ce monde entre-aper\u00e7u et ma vie. Ce fut Momig. Surgi des eaux en quelques semaines, cinq ans plus tard et d\u00e9vor\u00e9 au creux d&#8217;un lit, dans un train \u00e0 grande vitesse, devant un feu. Et quand je re\u00e7ois aujourd&#8217;hui tous ces t\u00e9moignages : &#8220;Vos livres m&#8217;ont donn\u00e9 envie d&#8217;\u00e9crire&#8230; de poser des questions \u00e0 ma m\u00e8re&#8230;.de partir d\u00e9couvrir le pays de mon p\u00e8re&#8230;.de dire de quoi j&#8217;avais besoin&#8230;.&#8221; je sais que c&#8217;est bien de la voix dont je m&#8217;occupe d\u00e9sormais. De le mienne comme de la v\u00f4tre. <br>En toute libert\u00e9.<\/p>\n\n\n\n<figure class=\"wp-block-image is-resized\"><img loading=\"lazy\" decoding=\"async\" src=\"http:\/\/www.auvifdemaplume.fr\/wp-content\/uploads\/2017\/05\/SIGNATURE-02-300x151.png\" alt=\"\" class=\"wp-image-368\" width=\"188\" height=\"95\" srcset=\"https:\/\/www.auvifdemaplume.fr\/wp-content\/uploads\/2017\/05\/SIGNATURE-02-300x151.png 300w, https:\/\/www.auvifdemaplume.fr\/wp-content\/uploads\/2017\/05\/SIGNATURE-02-483x242.png 483w, https:\/\/www.auvifdemaplume.fr\/wp-content\/uploads\/2017\/05\/SIGNATURE-02-360x181.png 360w, https:\/\/www.auvifdemaplume.fr\/wp-content\/uploads\/2017\/05\/SIGNATURE-02-600x301.png 600w, https:\/\/www.auvifdemaplume.fr\/wp-content\/uploads\/2017\/05\/SIGNATURE-02-263x132.png 263w, https:\/\/www.auvifdemaplume.fr\/wp-content\/uploads\/2017\/05\/SIGNATURE-02.png 743w\" sizes=\"auto, (max-width: 188px) 100vw, 188px\" \/><\/figure>\n\n\n\n<p>Pour d\u00e9couvrir mes livres : <a href=\"http:\/\/www.lagriffedevinaya.fr\/#\/momig\">La trilogie Momig.<\/a> <\/p>\n","protected":false},"excerpt":{"rendered":"<p>Le printemps est l\u00e0. La for\u00eat se teinte d&#8217;un vert tendre qui ravit l&#8217;\u00e2me. Encore une fois, la terre, notre grosse Maman, nous pardonne tous nos p\u00e9ch\u00e9s. Elle se v\u00eat de neuf et de fragile devant nos yeux aveugles pour la plupart, malvoyants pour le reste.<\/p>\n<p>J&#8217;ai commenc\u00e9 un cycle de textes sur la voix : mes rhapsodies. Je me souviens de cet atelier il y a une dizaine d&#8217;ann\u00e9es &#8220;Vous avez trouv\u00e9 une lampe. En la frottant un bon g\u00e9nie en sort et vous dit : dis ce que tu veux et tu l&#8217;auras, mais une seule fois&#8221;. Nous \u00e9tions quarante et personne n&#8217;avait os\u00e9 prendre la parole, \u00e9mettre un voeu. Silence. L&#8217;animateur avait alors repris&#8221; Regardez dans quel \u00e9tat de stup\u00e9faction vous \u00eates. M\u00eame au sein d&#8217;un groupe bienveillant et sans aucun enjeu, vous \u00eates muets sur vos envies&#8221;. Alors il avait choisi au hasard un homme face \u00e0 lui et la ronde avait commenc\u00e9 \u00e0 tourner dans le sens des aiguilles du temps,<\/p>\n","protected":false},"author":3,"featured_media":1810,"comment_status":"open","ping_status":"open","sticky":false,"template":"","format":"standard","meta":{"_exactmetrics_skip_tracking":false,"_exactmetrics_sitenote_active":false,"_exactmetrics_sitenote_note":"","_exactmetrics_sitenote_category":0,"footnotes":""},"categories":[1],"tags":[11,8,27],"class_list":["post-1804","post","type-post","status-publish","format-standard","has-post-thumbnail","hentry","category-uncategorized","tag-lire","tag-momig","tag-voix"],"_links":{"self":[{"href":"https:\/\/www.auvifdemaplume.fr\/index.php\/wp-json\/wp\/v2\/posts\/1804","targetHints":{"allow":["GET"]}}],"collection":[{"href":"https:\/\/www.auvifdemaplume.fr\/index.php\/wp-json\/wp\/v2\/posts"}],"about":[{"href":"https:\/\/www.auvifdemaplume.fr\/index.php\/wp-json\/wp\/v2\/types\/post"}],"author":[{"embeddable":true,"href":"https:\/\/www.auvifdemaplume.fr\/index.php\/wp-json\/wp\/v2\/users\/3"}],"replies":[{"embeddable":true,"href":"https:\/\/www.auvifdemaplume.fr\/index.php\/wp-json\/wp\/v2\/comments?post=1804"}],"version-history":[{"count":8,"href":"https:\/\/www.auvifdemaplume.fr\/index.php\/wp-json\/wp\/v2\/posts\/1804\/revisions"}],"predecessor-version":[{"id":1818,"href":"https:\/\/www.auvifdemaplume.fr\/index.php\/wp-json\/wp\/v2\/posts\/1804\/revisions\/1818"}],"wp:featuredmedia":[{"embeddable":true,"href":"https:\/\/www.auvifdemaplume.fr\/index.php\/wp-json\/wp\/v2\/media\/1810"}],"wp:attachment":[{"href":"https:\/\/www.auvifdemaplume.fr\/index.php\/wp-json\/wp\/v2\/media?parent=1804"}],"wp:term":[{"taxonomy":"category","embeddable":true,"href":"https:\/\/www.auvifdemaplume.fr\/index.php\/wp-json\/wp\/v2\/categories?post=1804"},{"taxonomy":"post_tag","embeddable":true,"href":"https:\/\/www.auvifdemaplume.fr\/index.php\/wp-json\/wp\/v2\/tags?post=1804"}],"curies":[{"name":"wp","href":"https:\/\/api.w.org\/{rel}","templated":true}]}}