{"id":1436,"date":"2018-06-29T14:53:32","date_gmt":"2018-06-29T14:53:32","guid":{"rendered":"http:\/\/www.auvifdemaplume.fr\/?p=1436"},"modified":"2018-06-29T21:15:17","modified_gmt":"2018-06-29T21:15:17","slug":"je-nai-plus-y-penser-juste-le-faire","status":"publish","type":"post","link":"https:\/\/www.auvifdemaplume.fr\/index.php\/2018\/06\/29\/je-nai-plus-y-penser-juste-le-faire\/","title":{"rendered":"Je n&#8217;ai plus \u00e0 y penser, juste \u00e0 le faire!"},"content":{"rendered":"<p>Ce matin, \u00e0 6h36, ma fille a eu 25 ans.<br \/>\n<strong>Je me souviens de chaque seconde de ce passage\u00a0<\/strong>: ce jeune m\u00e9decin paniqu\u00e9, le cri de l\u2019infirmi\u00e8re \u00ab\u00a0On la perd\u00a0\u00bb, le masque \u00e0 oxyg\u00e8ne plaqu\u00e9 sur mon visage et moi, qui en m\u00eame temps comprends qu\u2019on parle de moi et n\u2019y pr\u00eate aucune attention.<\/p>\n<p>\u00c9trange destin que celui des femmes qui meurent en donnant la vie. <strong>Comme une porte violemment claqu\u00e9e au nez du bonheur.<\/strong> Continue sans moi, enfant sacr\u00e9, je t\u2019ai d\u00e9j\u00e0 tout donn\u00e9 ou bien m\u2019as-tu tout pris, peu importe&#8230;<br \/>\nEt puis le ballet blanc s\u2019agite et te ram\u00e8ne. Finies la suspension, l\u2019insouciance, la l\u00e9g\u00e8ret\u00e9. Te voici \u00e0 nouveau dans la course, celle qui t\u2019am\u00e8ne jour apr\u00e8s jour \u00e0 nourrir, consoler, rire, pleurer. Celle qui te propose parfois des chemins de traverse insolites\u00a0apr\u00e8s toutes ces naissances que tu as offertes au monde : ta propre renaissance, brod\u00e9e au petit point de croix sous ta plume alerte et berc\u00e9e des regards de tous ceux que tu lib\u00e8res ainsi de vieilles m\u00e9moires inutiles.<\/p>\n<p><strong>Ce matin j\u2019ouvre un nouveau journal, comme une nouvelle page blanche de ma vie.<\/strong> Je les choisis toujours pareils\u00a0: format A5 \u00e0 spirales, couverture noire solide mais non rigide sur laquelle d\u2019\u00e9l\u00e9gants messages comme trac\u00e9s \u00e0 la craie m\u2019invitent \u00e0 la question. Ce qui est \u00e9tonnant c\u2019est que bien que totalement libre dans mon envie ou non d\u2019y \u00e9crire mes pens\u00e9es du jour, je d\u00e9couvre que chacun d\u2019eux aura dur\u00e9 3 ans. Certains disent que c\u2019est ce que dure l\u2019amour.<\/p>\n<p>Mon premier journal porte le nom bien m\u00e9rit\u00e9 de\u00a0<em>Des mots, toujours des mots<\/em>. Il a\u00a0nourri en son sein les premiers pas qui m\u2019ont men\u00e9 \u00e0 Momig.<br \/>\nC&#8217;est\u00a0au fil des pages du second \u00ab\u00a0<em>C\u2019est la vie<\/em>\u00a0\u00bb qu\u2019une fois rassembl\u00e9e, recompos\u00e9e, reconstitu\u00e9e, j&#8217;ai appris \u00e0 danser.<\/p>\n<p>Ce troisi\u00e8me aujourd&#8217;hui me propose un fil conducteur, une injonction plut\u00f4t qu\u2019une pri\u00e8re \u00ab\u00a0N\u2019y pensez pas, faites-le\u00a0\u00bb. Je n&#8217;ai pas eu le choix, il n&#8217;en restait qu&#8217;un. Il \u00e9tait pour moi. J&#8217;aime son vouvoiement. On imagine le point d\u2019exclamation, l\u2019invitation \u00e0 oser, l\u2019urgence du pr\u00e9sent. Oui il y a urgence, urgence \u00e0 \u00eatre Soi, urgence \u00e0 sauvegarder notre plan\u00e8te, urgence \u00e0 arr\u00eater les petits arrangements qui m\u00e8nent tous \u00e0 des impasses, aussi malin et habile soit-on.<\/p>\n<p>Ce matin la page est blanche\u00a0et \u00e0 c\u00f4t\u00e9 de la pens\u00e9e pour ma fille, les mots d\u2019une femme viennent se glisser \u00ab\u00a0Merci pour ta pr\u00e9sence sur sc\u00e8ne, merci pour toutes les \u00e9motions que tu nous as donn\u00e9es et merci de nous laisser \u00eatre nous parce que tu es toi, enti\u00e8rement.\u00a0\u00bb. Les planches du th\u00e9\u00e2tre m\u2019attendent.<br \/>\n<strong>Je n\u2019ai plus \u00e0 y penser, juste \u00e0 le faire.<\/strong><\/p>\n<p>Avec toute ma flamme,<\/p>\n<p><img loading=\"lazy\" decoding=\"async\" class=\"alignnone wp-image-368\" src=\"http:\/\/www.auvifdemaplume.fr\/wp-content\/uploads\/2017\/05\/SIGNATURE-02-300x151.png\" alt=\"\" width=\"121\" height=\"61\" srcset=\"https:\/\/www.auvifdemaplume.fr\/wp-content\/uploads\/2017\/05\/SIGNATURE-02-300x151.png 300w, https:\/\/www.auvifdemaplume.fr\/wp-content\/uploads\/2017\/05\/SIGNATURE-02-483x242.png 483w, https:\/\/www.auvifdemaplume.fr\/wp-content\/uploads\/2017\/05\/SIGNATURE-02-360x181.png 360w, https:\/\/www.auvifdemaplume.fr\/wp-content\/uploads\/2017\/05\/SIGNATURE-02-600x301.png 600w, https:\/\/www.auvifdemaplume.fr\/wp-content\/uploads\/2017\/05\/SIGNATURE-02-263x132.png 263w, https:\/\/www.auvifdemaplume.fr\/wp-content\/uploads\/2017\/05\/SIGNATURE-02.png 743w\" sizes=\"auto, (max-width: 121px) 100vw, 121px\" \/><\/p>\n","protected":false},"excerpt":{"rendered":"<p>Ce matin, \u00e0 6h36, ma fille a eu 25 ans.<br \/>\n<strong>Je me souviens de chaque seconde de ce passage\u00a0<\/strong>: ce jeune m\u00e9decin paniqu\u00e9, le cri de l\u2019infirmi\u00e8re \u00ab\u00a0On la perd\u00a0\u00bb, le masque \u00e0 oxyg\u00e8ne plaqu\u00e9 sur mon visage et moi, qui en m\u00eame temps comprends qu\u2019on parle de moi et n\u2019y pr\u00eate aucune attention.<\/p>\n<p>\u00c9trange destin que celui des femmes qui meurent en donnant la vie. <strong>Comme une porte violemment claqu\u00e9e au nez du bonheur.<\/strong> Continue sans moi, enfant sacr\u00e9, je t\u2019ai d\u00e9j\u00e0 tout donn\u00e9 ou bien m\u2019as-tu tout pris, peu importe&#8230;<br \/>\nEt puis le ballet blanc s\u2019agite et te ram\u00e8ne. Finies la suspension, l\u2019insouciance, la l\u00e9g\u00e8ret\u00e9. Te voici \u00e0 nouveau dans la course, celle qui t\u2019am\u00e8ne jour apr\u00e8s jour \u00e0 nourrir, consoler, rire, pleurer. Celle qui te propose parfois des chemins de traverse insolites\u00a0apr\u00e8s toutes ces naissances que tu as offertes au monde : ta propre renaissance,<\/p>\n","protected":false},"author":3,"featured_media":1442,"comment_status":"open","ping_status":"open","sticky":false,"template":"","format":"standard","meta":{"_exactmetrics_skip_tracking":false,"_exactmetrics_sitenote_active":false,"_exactmetrics_sitenote_note":"","_exactmetrics_sitenote_category":0,"footnotes":""},"categories":[1],"tags":[21,24,35],"class_list":["post-1436","post","type-post","status-publish","format-standard","has-post-thumbnail","hentry","category-uncategorized","tag-artiste","tag-chemin-de-vie","tag-theatre"],"_links":{"self":[{"href":"https:\/\/www.auvifdemaplume.fr\/index.php\/wp-json\/wp\/v2\/posts\/1436","targetHints":{"allow":["GET"]}}],"collection":[{"href":"https:\/\/www.auvifdemaplume.fr\/index.php\/wp-json\/wp\/v2\/posts"}],"about":[{"href":"https:\/\/www.auvifdemaplume.fr\/index.php\/wp-json\/wp\/v2\/types\/post"}],"author":[{"embeddable":true,"href":"https:\/\/www.auvifdemaplume.fr\/index.php\/wp-json\/wp\/v2\/users\/3"}],"replies":[{"embeddable":true,"href":"https:\/\/www.auvifdemaplume.fr\/index.php\/wp-json\/wp\/v2\/comments?post=1436"}],"version-history":[{"count":14,"href":"https:\/\/www.auvifdemaplume.fr\/index.php\/wp-json\/wp\/v2\/posts\/1436\/revisions"}],"predecessor-version":[{"id":1465,"href":"https:\/\/www.auvifdemaplume.fr\/index.php\/wp-json\/wp\/v2\/posts\/1436\/revisions\/1465"}],"wp:featuredmedia":[{"embeddable":true,"href":"https:\/\/www.auvifdemaplume.fr\/index.php\/wp-json\/wp\/v2\/media\/1442"}],"wp:attachment":[{"href":"https:\/\/www.auvifdemaplume.fr\/index.php\/wp-json\/wp\/v2\/media?parent=1436"}],"wp:term":[{"taxonomy":"category","embeddable":true,"href":"https:\/\/www.auvifdemaplume.fr\/index.php\/wp-json\/wp\/v2\/categories?post=1436"},{"taxonomy":"post_tag","embeddable":true,"href":"https:\/\/www.auvifdemaplume.fr\/index.php\/wp-json\/wp\/v2\/tags?post=1436"}],"curies":[{"name":"wp","href":"https:\/\/api.w.org\/{rel}","templated":true}]}}