{"id":1370,"date":"2018-05-16T22:09:23","date_gmt":"2018-05-16T22:09:23","guid":{"rendered":"http:\/\/www.auvifdemaplume.fr\/?p=1370"},"modified":"2018-05-23T12:04:07","modified_gmt":"2018-05-23T12:04:07","slug":"les-indes-galantes-chapitre-2-premiers-pas-sur-la-lune","status":"publish","type":"post","link":"https:\/\/www.auvifdemaplume.fr\/index.php\/2018\/05\/16\/les-indes-galantes-chapitre-2-premiers-pas-sur-la-lune\/","title":{"rendered":"Les Indes Galantes \u2013 Chapitre 2\u00a0: Premiers pas sur la lune\u2026"},"content":{"rendered":"<p><span style=\"font-size: 12pt;\">Je le rep\u00e8re tout de suite dans la foule mass\u00e9e derri\u00e8re les barri\u00e8res de l\u2019a\u00e9roport. Son grand corps d\u00e9ploy\u00e9 maintient son b\u00e9ret de l\u2019arm\u00e9e indienne au-dessus des t\u00eates brunes. Pas de doute, il est l\u00e0. Pour moi. Cach\u00e9 derri\u00e8re sa cam\u00e9ra, je le vois avant lui. Il ne s\u2019attendait pas \u00e0 une sortie si rapide. Signe du destin, mon minuscule sac \u00e0 dos\u00a0\u00e9tait le premier \u00e0 tourner sur le tapis roulant. L\u2019Inde\u00a0est \u00e0 mon diapason. Elle\u00a0s\u2019impatiente. Hadrien a le r\u00e9flexe d\u2019appuyer sur le bouton. J\u2019ai l\u2019impression de marcher sur la lune.<\/span><\/p>\n<p><span style=\"font-size: 12pt;\">Nous nous \u00e9tions rencontr\u00e9s \u00e0 Paris, lui \u00e9tudiant en pas grand chose et moi revenue de tout le reste. Il voulait partir, sillonner le monde, se glisser dans un cargo et d\u00e9couvrir de nouveaux continents depuis des quais brumeux. Je l\u2019\u00e9coutais en me demandant comment j\u2019allais survivre \u00e0 son d\u00e9part. La sensibilit\u00e9 d\u2019Hadrien me touchait, m\u2019effleurait, m\u2019\u00e9nervait\u00a0: ce jeune homme de bonne famille aux multiples talents me ramenait confus\u00e9ment vers une jeunesse \u00e0 laquelle j\u2019avais tourn\u00e9 le dos.<\/span><br \/>\n<span style=\"font-size: 12pt;\"> Ce n\u2019est pas simple d\u2019avoir 50 ans sans avoir eu le temps d\u2019en avoir 20. Chaque jour qui passe nous \u00e9loigne inexorablement de ce que nous aurions pu vivre si\u2026Et quand le pli de \u00ab\u00a0ne pas oser\u00a0\u00bb est pris, il nous marque \u00e0 vie. Comme une balafre au milieu du visage.\u00a0Seule une\u00a0plong\u00e9e au plus profond de nous-m\u00eame peut un jour nous permettre de retrouver la fraicheur intacte des couleurs d&#8217;autrefois&#8230;Mais les pans du rideau sont lourds \u00e0 soulever.<\/span><br \/>\n<span style=\"font-size: 12pt;\"> La vie m\u2019offre aujourd&#8217;hui le cadeau\u00a0de fouler le pays aux mille couleurs, esp\u00e9rons que j\u2019y retrouve quelques nuances oubli\u00e9es.<\/span><\/p>\n<p><span style=\"font-size: 12pt;\">Il y a des noms qui font r\u00eaver. Madras, comme Pondich\u00e9ry ou Chandernagor en fait partie. Je suis toujours attentive \u00e0 la premi\u00e8re impression. Celle que je ressens cette nuit en descendant de l\u2019avion, envelopp\u00e9e d&#8217;air moite et de parfums m\u00eal\u00e9s, c\u2019est la joie. Pour s\u00fbr, une joie immense.<\/span><\/p>\n<p>La m\u00e9moire est \u00e9tonnante. En touchant le sol, je me surprends \u00e0 chantonner \u00ab\u00a0Adieu foulard, adieu Madras, adieu grain d\u2019orge et collier chou, doudou \u00e0 moi, i va partir, h\u00e9las, h\u00e9las c\u2019est pour toujours\u2026\u00bb.<br \/>\nJ\u2019avais cinq ans. J\u2019arrivais comme chaque ann\u00e9e dans une nouvelle maison, une nouvelle \u00e9cole, une nouvelle vie. Mes camarades de classe de cette petite ville endormie de province portaient le m\u00eame tablier que moi. Le pantalon n\u2019existait que dans l\u2019\u00e9cole d\u2019\u00e0-c\u00f4t\u00e9, celle des gar\u00e7ons. Nous \u00e9crivions \u00e0 la craie sur des ardoises le r\u00e9sultat des additions inscrites sur le tableau noir. Nous apportions, \u00e0 tour de r\u00f4le, un peu de papier et de bois pour alimenter le po\u00eale \u00e0 bois qui tr\u00f4nait au milieu de la classe. Alors que mai 68 avait mis quelques mois plus t\u00f4t la Capitale sens dessus-dessous, avait bloqu\u00e9 une grande partie du pays des adultes, nous commencions tranquillement \u00e0 d\u00e9couvrir au fil des pages le quotidien de \u00ab\u00a0Daniel et Val\u00e9rie\u00a0\u00bb dans un d\u00e9cor champ\u00eatre o\u00f9 \u00ab\u00a0<u>u<\/u>ne m<u>u<\/u>le trotte dans l\u2019\u00e9c<u>u<\/u>rie\u00a0\u00bb. Mais pour une fois j\u2019avais de la chance\u00a0: nous \u00e9tions deux nouvelles et l\u2019autre \u00e9tait extraordinaire. Elle venait des Antilles. On me laissa donc en paix. La ma\u00eetresse lui avait demand\u00e9 de nous apprendre une chanson qu\u2019elle connaissait et ce fut Madras. Aucune ma\u00eetresse ne m\u2019a jamais demand\u00e9 de leur apprendre une chanson que je connaissais. Je me demande aujourd\u2019hui ce que j\u2019aurais propos\u00e9&#8230;<\/p>\n<p>Hadrien me dit &#8220;Viens, on va f\u00eater ton arriv\u00e9e&#8221;. Il se faufile \u00e0 travers la\u00a0horde de rabatteurs de taxis. Je le suis comme un poisson pilote colle au requin, bien d\u00e9cid\u00e9e \u00e0 apprendre rapidement \u00e0 nager dans ces eaux surpeupl\u00e9es du bout du monde.<\/p>\n<p><span style=\"font-size: 12pt;\">\u00c0 suivre\u2026<\/span><\/p>\n<p><img loading=\"lazy\" decoding=\"async\" class=\"alignnone wp-image-368\" src=\"http:\/\/www.auvifdemaplume.fr\/wp-content\/uploads\/2017\/05\/SIGNATURE-02-300x151.png\" alt=\"\" width=\"121\" height=\"61\" srcset=\"https:\/\/www.auvifdemaplume.fr\/wp-content\/uploads\/2017\/05\/SIGNATURE-02-300x151.png 300w, https:\/\/www.auvifdemaplume.fr\/wp-content\/uploads\/2017\/05\/SIGNATURE-02-483x242.png 483w, https:\/\/www.auvifdemaplume.fr\/wp-content\/uploads\/2017\/05\/SIGNATURE-02-360x181.png 360w, https:\/\/www.auvifdemaplume.fr\/wp-content\/uploads\/2017\/05\/SIGNATURE-02-600x301.png 600w, https:\/\/www.auvifdemaplume.fr\/wp-content\/uploads\/2017\/05\/SIGNATURE-02-263x132.png 263w, https:\/\/www.auvifdemaplume.fr\/wp-content\/uploads\/2017\/05\/SIGNATURE-02.png 743w\" sizes=\"auto, (max-width: 121px) 100vw, 121px\" \/><\/p>\n","protected":false},"excerpt":{"rendered":"<p>Je le rep\u00e8re tout de suite dans la foule mass\u00e9e derri\u00e8re les barri\u00e8res de l\u2019a\u00e9roport. Son grand corps d\u00e9ploy\u00e9 maintient son b\u00e9ret de l\u2019arm\u00e9e indienne au-dessus des t\u00eates brunes. Pas de doute, il est l\u00e0. Pour moi. Cach\u00e9 derri\u00e8re sa cam\u00e9ra, je le vois avant lui. Il ne s\u2019attendait pas \u00e0 une sortie si rapide. Signe du destin, mon minuscule sac \u00e0 dos\u00a0\u00e9tait le premier \u00e0 tourner sur le tapis roulant. L\u2019Inde\u00a0est \u00e0 mon diapason. Elle\u00a0s\u2019impatiente. Hadrien a le r\u00e9flexe d\u2019appuyer sur le bouton. J\u2019ai l\u2019impression de marcher sur la lune.<\/p>\n<p>Nous nous \u00e9tions rencontr\u00e9s \u00e0 Paris, lui \u00e9tudiant en pas grand chose et moi revenue de tout le reste. Il voulait partir, sillonner le monde, se glisser dans un cargo et d\u00e9couvrir de nouveaux continents depuis des quais brumeux. Je l\u2019\u00e9coutais en me demandant comment j\u2019allais survivre \u00e0 son d\u00e9part. La sensibilit\u00e9 d\u2019Hadrien me touchait,<\/p>\n","protected":false},"author":3,"featured_media":1374,"comment_status":"open","ping_status":"open","sticky":false,"template":"","format":"standard","meta":{"_exactmetrics_skip_tracking":false,"_exactmetrics_sitenote_active":false,"_exactmetrics_sitenote_note":"","_exactmetrics_sitenote_category":0,"footnotes":""},"categories":[12,1],"tags":[],"class_list":["post-1370","post","type-post","status-publish","format-standard","has-post-thumbnail","hentry","category-lire-ecrire","category-uncategorized"],"_links":{"self":[{"href":"https:\/\/www.auvifdemaplume.fr\/index.php\/wp-json\/wp\/v2\/posts\/1370","targetHints":{"allow":["GET"]}}],"collection":[{"href":"https:\/\/www.auvifdemaplume.fr\/index.php\/wp-json\/wp\/v2\/posts"}],"about":[{"href":"https:\/\/www.auvifdemaplume.fr\/index.php\/wp-json\/wp\/v2\/types\/post"}],"author":[{"embeddable":true,"href":"https:\/\/www.auvifdemaplume.fr\/index.php\/wp-json\/wp\/v2\/users\/3"}],"replies":[{"embeddable":true,"href":"https:\/\/www.auvifdemaplume.fr\/index.php\/wp-json\/wp\/v2\/comments?post=1370"}],"version-history":[{"count":23,"href":"https:\/\/www.auvifdemaplume.fr\/index.php\/wp-json\/wp\/v2\/posts\/1370\/revisions"}],"predecessor-version":[{"id":1396,"href":"https:\/\/www.auvifdemaplume.fr\/index.php\/wp-json\/wp\/v2\/posts\/1370\/revisions\/1396"}],"wp:featuredmedia":[{"embeddable":true,"href":"https:\/\/www.auvifdemaplume.fr\/index.php\/wp-json\/wp\/v2\/media\/1374"}],"wp:attachment":[{"href":"https:\/\/www.auvifdemaplume.fr\/index.php\/wp-json\/wp\/v2\/media?parent=1370"}],"wp:term":[{"taxonomy":"category","embeddable":true,"href":"https:\/\/www.auvifdemaplume.fr\/index.php\/wp-json\/wp\/v2\/categories?post=1370"},{"taxonomy":"post_tag","embeddable":true,"href":"https:\/\/www.auvifdemaplume.fr\/index.php\/wp-json\/wp\/v2\/tags?post=1370"}],"curies":[{"name":"wp","href":"https:\/\/api.w.org\/{rel}","templated":true}]}}