{"id":1331,"date":"2018-04-07T17:30:24","date_gmt":"2018-04-07T17:30:24","guid":{"rendered":"http:\/\/www.auvifdemaplume.fr\/?p=1331"},"modified":"2018-04-09T08:17:06","modified_gmt":"2018-04-09T08:17:06","slug":"les-indes-galantes-chapitre-1-vol-au-dessus-des-nuages","status":"publish","type":"post","link":"https:\/\/www.auvifdemaplume.fr\/index.php\/2018\/04\/07\/les-indes-galantes-chapitre-1-vol-au-dessus-des-nuages\/","title":{"rendered":"Les Indes Galantes&#8230; Chapitre 1- Vol au dessus des nuages."},"content":{"rendered":"<p>Mon amour,<\/p>\n<p>19 mars, 12h30<br \/>\nLe voyage que j\u2019entreprends aujourd\u2019hui a commenc\u00e9 \u00e0 entrer dans la r\u00e9alit\u00e9 le 14 f\u00e9vrier dernier, le soir o\u00f9 tu as d\u00e9cid\u00e9 de souffler sur les braises qui couvaient sous la cendre. De mes larmes de joie j\u2019ai accueilli une fois de plus ce cadeau inestimable que tu me fais depuis plus de 7 ans\u00a0: le cadeau de ma libert\u00e9.<br \/>\n<strong>Notre union est une terre d\u2019aventure que j\u2019arpente avec bonheur en tous sens, d\u00e9couvrant un peu plus chaque jour la plasticit\u00e9 de ses limite<\/strong>s. Limites que j\u2019apprends \u00e0 repousser quand tout au contraire tu t\u2019en fais un manteau confortable et douillet sous lequel ta sensibilit\u00e9 de celte peut enfin s\u2019exprimer.<br \/>\nJe pars emplie de cette l\u00e9g\u00e8ret\u00e9 qui me fit si souvent d\u00e9faut dans mon parcours de vie. Chaque petite \u00e9pine, chaque petit caillou je les ai d\u00e9pos\u00e9s sous ton regard bienveillant\u00a0au bord du chemin qui m\u00e8ne \u00e0 la simple joie d\u2019\u00eatre, apr\u00e8s ce long et f\u00e9roce d\u00e9tour par l\u2019existence d\u2019une femme active du XX\u00e8me si\u00e8cle.<br \/>\nHier soir ce fut la Premi\u00e8re de mon spectacle \u00ab\u00a0J\u2019ai 20 ans et des brouettes\u00a0\u00bb. <strong>Devient-on autre chose quand on passe une porte que l\u2019on redoutait d\u2019ouvrir\u00a0?<\/strong> Je crois qu\u2019on reste Soi dans un nouveau d\u00e9cor, plus grand, plus ouvert, plus lumineux. Hier j\u2019ai pass\u00e9 une porte, peut-\u00eatre m\u00eame travers\u00e9 un mur. Je ne sais pas mais j\u2019ai travers\u00e9 en bateau avec tout mon \u00e9quipage. Capitaine tenant la barre, je n\u2019y serai jamais arriv\u00e9 s\u2019ils n\u2019avaient pas \u00e9t\u00e9 tous l\u00e0, autour de moi, l\u00e0 pour que je sois bien, pour que je donne le meilleur de moi-m\u00eame, pour que la petite flamme continue de rayonner\u00a0: toi bien s\u00fbr, toujours, et B\u00e9atrice si fid\u00e8le, Thomas si solide, Artyom si vif. Ce fut donc la premi\u00e8re repr\u00e9sentation d\u2019une nouvelle partie de moi : la mise en avant de ma sensibilit\u00e9 d\u2019artiste, d\u00e9gag\u00e9e de toutes les pelures inutiles. J\u2019ai vu dans les regards du public que tout \u00e9tait juste, il ne me reste plus qu\u2019\u00e0 continuer. Pour tout cela, mille fois merci.<br \/>\nJe regarde les flocons tomber avec nonchalance sur Roissy, je te laisse apais\u00e9e sous tous ces manteaux blancs, les couleurs de l\u2019Orient m\u2019attendent.<\/p>\n<p>14h30<br \/>\nNous voguons depuis presque deux heures au dessus d\u2019un tapis de coton et sous un soleil obstin\u00e9. <strong>Depuis le hublot j\u2019aper\u00e7ois d\u2019autres oiseaux de fer transpercer sans \u00e9tat d\u2019\u00e2me la nappe blanche et se diriger vers d\u2019autres ailleurs.<\/strong> Le repas va \u00eatre servi et la carlingue s\u2019emplit doucement de saveurs au curry. Pas de doute, je pars en Inde. Deux hommes, d\u00e9j\u00e0 imbib\u00e9s par cinq fl\u00fbtes de champagne, attaquent le rouge le feu aux joues. Ils parlent fort au dessus du ronron du moteur et du cliquetis des couverts, je n\u2019en perds pas une miette. S\u2019ils tiennent le m\u00eame rythme les huit prochaines heures, c\u2019est aphones qu\u2019ils d\u00e9couvriront les rues encombr\u00e9es de Madras, la capitale du Tamil Nadu. Pour ma part, silence et eau plate seront l\u2019entr\u00e9e en mati\u00e8re et l\u2019accompagnement de la premi\u00e8re br\u00fblure des \u00e9pices.<\/p>\n<p>16h30<br \/>\n<strong>La nuit est tomb\u00e9e comme un lourd rideau au milieu d\u2019une pi\u00e8ce.<\/strong> Elle n\u2019a pas pris le temps de border le soleil, attrap\u00e9e en plein vol par l\u2019avion et sa course folle vers demain. Moi qui allais vivre le grand \u00e9quilibre de l\u2019\u00e9quinoxe, je me retrouve comme en plein c\u0153ur de l\u2019hiver \u00e0 avoir un jour grignot\u00e9 jusqu\u2019\u00e0 la trame. Je regarde tout en bas les lumi\u00e8res des villes que nous survolons. <strong>Tout est noir, mais rien ne dort.<\/strong><\/p>\n<p>18h30<br \/>\n<strong>Je continue de compter les heures depuis mon port d\u2019attache<\/strong>. Je n\u2019ai pas le choix, pas plus que mon t\u00e9l\u00e9phone, lui aussi est en mode avion. Perdue au milieu d\u2019une toile de fuseaux horaires, je ne cherche pas \u00e0 savoir o\u00f9 je suis, je fais confiance. En arrivant, nous nous calerons l\u2019un comme l\u2019autre \u00e0 la r\u00e9alit\u00e9 imm\u00e9diate. Il me donnera, \u00e0 peine r\u00e9veill\u00e9, l\u2019heure locale, au moment o\u00f9 je d\u00e9couvrirai cet \u00e9trange pays, grand comme un continent et peupl\u00e9 de 500 langues.<\/p>\n<p>20h30<br \/>\nPetit coup de fatigue, la pression me fait mal aux yeux. J\u2019ai aussi longuement lu le guide. <strong>J\u2019avais envie de me plonger dans l\u2019histoire de l\u2019Inde du Sud avant d\u2019y poser le pied et d\u2019y ouvrir mon c\u0153ur.<\/strong><\/p>\n<p>22h30<br \/>\nNous nous pr\u00e9parons \u00e0 atterrir. Ici il est 2h du matin le 20 mars. Demain c\u2019est le printemps. <strong>En attendant le changement de saison, je vais d\u00e9j\u00e0 me mettre \u00e0 l\u2019heure indienne.<\/strong> Il est temps pour moi d\u2019arriver.<\/p>\n<p>\u00c0 suivre&#8230;<\/p>\n<p><img loading=\"lazy\" decoding=\"async\" class=\"alignnone wp-image-368\" src=\"http:\/\/www.auvifdemaplume.fr\/wp-content\/uploads\/2017\/05\/SIGNATURE-02-300x151.png\" alt=\"\" width=\"121\" height=\"61\" srcset=\"https:\/\/www.auvifdemaplume.fr\/wp-content\/uploads\/2017\/05\/SIGNATURE-02-300x151.png 300w, https:\/\/www.auvifdemaplume.fr\/wp-content\/uploads\/2017\/05\/SIGNATURE-02-483x242.png 483w, https:\/\/www.auvifdemaplume.fr\/wp-content\/uploads\/2017\/05\/SIGNATURE-02-360x181.png 360w, https:\/\/www.auvifdemaplume.fr\/wp-content\/uploads\/2017\/05\/SIGNATURE-02-600x301.png 600w, https:\/\/www.auvifdemaplume.fr\/wp-content\/uploads\/2017\/05\/SIGNATURE-02-263x132.png 263w, https:\/\/www.auvifdemaplume.fr\/wp-content\/uploads\/2017\/05\/SIGNATURE-02.png 743w\" sizes=\"auto, (max-width: 121px) 100vw, 121px\" \/><\/p>\n","protected":false},"excerpt":{"rendered":"<p>Mon amour,<\/p>\n<p>19 mars, 12h30<br \/>\nLe voyage que j\u2019entreprends aujourd\u2019hui a commenc\u00e9 \u00e0 entrer dans la r\u00e9alit\u00e9 le 14 f\u00e9vrier dernier, le soir o\u00f9 tu as d\u00e9cid\u00e9 de souffler sur les braises qui couvaient sous la cendre. De mes larmes de joie j\u2019ai accueilli une fois de plus ce cadeau inestimable que tu me fais depuis plus de 7 ans\u00a0: le cadeau de ma libert\u00e9.<br \/>\n<strong>Notre union est une terre d\u2019aventure que j\u2019arpente avec bonheur en tous sens, d\u00e9couvrant un peu plus chaque jour la plasticit\u00e9 de ses limite<\/strong>s. Limites que j\u2019apprends \u00e0 repousser quand tout au contraire tu t\u2019en fais un manteau confortable et douillet sous lequel ta sensibilit\u00e9 de celte peut enfin s\u2019exprimer.<br \/>\nJe pars emplie de cette l\u00e9g\u00e8ret\u00e9 qui me fit si souvent d\u00e9faut dans mon parcours de vie. Chaque petite \u00e9pine, chaque petit caillou je les ai d\u00e9pos\u00e9s sous ton regard bienveillant\u00a0au bord du chemin qui m\u00e8ne \u00e0 la simple joie d\u2019\u00eatre,<\/p>\n","protected":false},"author":3,"featured_media":1340,"comment_status":"open","ping_status":"open","sticky":false,"template":"","format":"standard","meta":{"_exactmetrics_skip_tracking":false,"_exactmetrics_sitenote_active":false,"_exactmetrics_sitenote_note":"","_exactmetrics_sitenote_category":0,"footnotes":""},"categories":[12,1],"tags":[21,24,29],"class_list":["post-1331","post","type-post","status-publish","format-standard","has-post-thumbnail","hentry","category-lire-ecrire","category-uncategorized","tag-artiste","tag-chemin-de-vie","tag-liberte"],"_links":{"self":[{"href":"https:\/\/www.auvifdemaplume.fr\/index.php\/wp-json\/wp\/v2\/posts\/1331","targetHints":{"allow":["GET"]}}],"collection":[{"href":"https:\/\/www.auvifdemaplume.fr\/index.php\/wp-json\/wp\/v2\/posts"}],"about":[{"href":"https:\/\/www.auvifdemaplume.fr\/index.php\/wp-json\/wp\/v2\/types\/post"}],"author":[{"embeddable":true,"href":"https:\/\/www.auvifdemaplume.fr\/index.php\/wp-json\/wp\/v2\/users\/3"}],"replies":[{"embeddable":true,"href":"https:\/\/www.auvifdemaplume.fr\/index.php\/wp-json\/wp\/v2\/comments?post=1331"}],"version-history":[{"count":12,"href":"https:\/\/www.auvifdemaplume.fr\/index.php\/wp-json\/wp\/v2\/posts\/1331\/revisions"}],"predecessor-version":[{"id":1344,"href":"https:\/\/www.auvifdemaplume.fr\/index.php\/wp-json\/wp\/v2\/posts\/1331\/revisions\/1344"}],"wp:featuredmedia":[{"embeddable":true,"href":"https:\/\/www.auvifdemaplume.fr\/index.php\/wp-json\/wp\/v2\/media\/1340"}],"wp:attachment":[{"href":"https:\/\/www.auvifdemaplume.fr\/index.php\/wp-json\/wp\/v2\/media?parent=1331"}],"wp:term":[{"taxonomy":"category","embeddable":true,"href":"https:\/\/www.auvifdemaplume.fr\/index.php\/wp-json\/wp\/v2\/categories?post=1331"},{"taxonomy":"post_tag","embeddable":true,"href":"https:\/\/www.auvifdemaplume.fr\/index.php\/wp-json\/wp\/v2\/tags?post=1331"}],"curies":[{"name":"wp","href":"https:\/\/api.w.org\/{rel}","templated":true}]}}