{"id":1254,"date":"2018-01-04T14:44:29","date_gmt":"2018-01-04T14:44:29","guid":{"rendered":"http:\/\/www.auvifdemaplume.fr\/?p=1254"},"modified":"2018-01-04T15:36:22","modified_gmt":"2018-01-04T15:36:22","slug":"light-back-et-une-minute-de-soleil-en-plus-une","status":"publish","type":"post","link":"https:\/\/www.auvifdemaplume.fr\/index.php\/2018\/01\/04\/light-back-et-une-minute-de-soleil-en-plus-une\/","title":{"rendered":"Light is back&#8230;Et une minute de soleil en plus, une!"},"content":{"rendered":"<p>Et une minute de soleil en plus, une!<br \/>\nVoil\u00e0 notre r\u00e9compense pour avoir travers\u00e9 ces journ\u00e9es un peu grises et sans go\u00fbt. On a beau allumer tout ce que nous pouvons et profiter du moindre rai de lumi\u00e8re venu d\u2019en haut, les jours des fins d\u2019ann\u00e9e retiennent leur souffle, presque jusqu\u2019\u00e0 l\u2019asphyxie. Et nous avec. <strong>Bonne nouvelle, bonne ann\u00e9e, janvier est l\u00e0, il est grand temps de se remettre \u00e0 respirer.<\/strong><\/p>\n<p>Cette ann\u00e9e, j\u2019ai profit\u00e9 de d\u00e9cembre pour me faufiler entre les heures et atteindre la nuit au plus t\u00f4t. La saison s\u2019y pr\u00eate et sans pour autant hiberner, je me suis surprise \u00e0 flemmarder plus que de coutume. M\u00eame si nous avons pris l\u2019habitude, \u00e0 coup de m\u00e9gawatts, de b\u00fbches dans la chemin\u00e9e et de guirlandes dans le sapin, d\u2019aller gaillardement vers le printemps, il ne faut pas oublier de profiter de l\u2019accalmie des nuits longues, elles ne reviendront pas de si t\u00f4t.<br \/>\n<strong>Chaque saison, comme chaque \u00e2ge, a ses plaisirs.<\/strong><\/p>\n<p>L\u2019an dernier, \u00e0 cette m\u00eame \u00e9poque, j\u2019\u00e9tais partie pour la premi\u00e8re fois pr\u00e8s de l\u2019\u00e9quateur. Les journ\u00e9es se logeaient autour d\u2019un cadran immobile, 6h-18h pour le jour, l\u2019autre moiti\u00e9 pour la nuit, qui tombait chaque soir comme un caillou dans l\u2019oc\u00e9an. Pour celui qui a v\u00e9cu nos aurores glac\u00e9es et nos cr\u00e9puscules flamboyants, la discr\u00e9tion de ces passages avait de quoi surprendre. Tout suivait \u00e0 l\u2019envi, comme dict\u00e9 par un m\u00e9tronome immuable, le temps passant sans qu\u2019aucun signe ne permette d&#8217;en saisir les nuances : m\u00eame temp\u00e9rature, m\u00eame jour, m\u00eame nuit, m\u00eame clapot des vagues sur la plage, m\u00eame brise dans les palmiers, m\u00eame dolence chez les habitants. Ce qui n\u2019est pas fait aujourd\u2019hui le sera demain, ou le jour d\u2019apr\u00e8s, quelle importance au fond, tout est si pareil. On aurait dit que rien n\u2019existait pour de vrai, ni les heures, ni les mois, ni les gens, comme \u00e9pingl\u00e9s pour toujours sur les cartes postales de ces iles de r\u00eave. Boula, boula, je m\u2019appelle Kerela, Assa, Milli, Zach\u2026.Boula, boula, tu dis aussi ton nom, aussit\u00f4t dit, aussit\u00f4t oubli\u00e9, le prochain bateau arrive d\u00e9j\u00e0. Boula, boula, au revoir, au revoir.<\/p>\n<p>Alors cette minute de soleil en plus, m\u00eame cach\u00e9e derri\u00e8re le gris du ciel, <strong>j\u2019avais envie de l\u2019accueillir, ici et maintenant, dans la joie<\/strong>. Je sais qu\u2019elle existe, je sais qu\u2019elle signe le Retour, je sais qu\u2019elle d\u00e9marre le nouveau cycle. Celui des chants d\u2019oiseaux de f\u00e9vrier, des giboul\u00e9es de mars, des\u00a0fils de Soi d\u2019avril, des soubresauts de mai, pour\u00a0nous pr\u00e9parer \u00e0 profiter, dans la folie lumineuse de juin, des longues et douces journ\u00e9es d\u2019\u00e9t\u00e9.<\/p>\n<p>Et une minute de soleil en plus, une\u00a0!!!<\/p>\n<p>Avec tous mes v\u0153ux,<\/p>\n<p><img loading=\"lazy\" decoding=\"async\" class=\"alignnone wp-image-368\" src=\"http:\/\/www.auvifdemaplume.fr\/wp-content\/uploads\/2017\/05\/SIGNATURE-02-300x151.png\" alt=\"\" width=\"121\" height=\"61\" srcset=\"https:\/\/www.auvifdemaplume.fr\/wp-content\/uploads\/2017\/05\/SIGNATURE-02-300x151.png 300w, https:\/\/www.auvifdemaplume.fr\/wp-content\/uploads\/2017\/05\/SIGNATURE-02-483x242.png 483w, https:\/\/www.auvifdemaplume.fr\/wp-content\/uploads\/2017\/05\/SIGNATURE-02-360x181.png 360w, https:\/\/www.auvifdemaplume.fr\/wp-content\/uploads\/2017\/05\/SIGNATURE-02-600x301.png 600w, https:\/\/www.auvifdemaplume.fr\/wp-content\/uploads\/2017\/05\/SIGNATURE-02-263x132.png 263w, https:\/\/www.auvifdemaplume.fr\/wp-content\/uploads\/2017\/05\/SIGNATURE-02.png 743w\" sizes=\"auto, (max-width: 121px) 100vw, 121px\" \/><\/p>\n","protected":false},"excerpt":{"rendered":"<p>Et une minute de soleil en plus, une!<br \/>\nVoil\u00e0 notre r\u00e9compense pour avoir travers\u00e9 ces journ\u00e9es un peu grises et sans go\u00fbt. On a beau allumer tout ce que nous pouvons et profiter du moindre rai de lumi\u00e8re venu d\u2019en haut, les jours des fins d\u2019ann\u00e9e retiennent leur souffle, presque jusqu\u2019\u00e0 l\u2019asphyxie. Et nous avec. <strong>Bonne nouvelle, bonne ann\u00e9e, janvier est l\u00e0, il est grand temps de se remettre \u00e0 respirer.<\/strong><\/p>\n<p>Cette ann\u00e9e, j\u2019ai profit\u00e9 de d\u00e9cembre pour me faufiler entre les heures et atteindre la nuit au plus t\u00f4t. La saison s\u2019y pr\u00eate et sans pour autant hiberner, je me suis surprise \u00e0 flemmarder plus que de coutume. M\u00eame si nous avons pris l\u2019habitude, \u00e0 coup de m\u00e9gawatts, de b\u00fbches dans la chemin\u00e9e et de guirlandes dans le sapin, d\u2019aller gaillardement vers le printemps, il ne faut pas oublier de profiter de l\u2019accalmie des nuits longues,<\/p>\n","protected":false},"author":3,"featured_media":1259,"comment_status":"open","ping_status":"open","sticky":false,"template":"","format":"standard","meta":{"_exactmetrics_skip_tracking":false,"_exactmetrics_sitenote_active":false,"_exactmetrics_sitenote_note":"","_exactmetrics_sitenote_category":0,"footnotes":""},"categories":[1],"tags":[34,33],"class_list":["post-1254","post","type-post","status-publish","format-standard","has-post-thumbnail","hentry","category-uncategorized","tag-lumiere","tag-poesie"],"_links":{"self":[{"href":"https:\/\/www.auvifdemaplume.fr\/index.php\/wp-json\/wp\/v2\/posts\/1254","targetHints":{"allow":["GET"]}}],"collection":[{"href":"https:\/\/www.auvifdemaplume.fr\/index.php\/wp-json\/wp\/v2\/posts"}],"about":[{"href":"https:\/\/www.auvifdemaplume.fr\/index.php\/wp-json\/wp\/v2\/types\/post"}],"author":[{"embeddable":true,"href":"https:\/\/www.auvifdemaplume.fr\/index.php\/wp-json\/wp\/v2\/users\/3"}],"replies":[{"embeddable":true,"href":"https:\/\/www.auvifdemaplume.fr\/index.php\/wp-json\/wp\/v2\/comments?post=1254"}],"version-history":[{"count":9,"href":"https:\/\/www.auvifdemaplume.fr\/index.php\/wp-json\/wp\/v2\/posts\/1254\/revisions"}],"predecessor-version":[{"id":1265,"href":"https:\/\/www.auvifdemaplume.fr\/index.php\/wp-json\/wp\/v2\/posts\/1254\/revisions\/1265"}],"wp:featuredmedia":[{"embeddable":true,"href":"https:\/\/www.auvifdemaplume.fr\/index.php\/wp-json\/wp\/v2\/media\/1259"}],"wp:attachment":[{"href":"https:\/\/www.auvifdemaplume.fr\/index.php\/wp-json\/wp\/v2\/media?parent=1254"}],"wp:term":[{"taxonomy":"category","embeddable":true,"href":"https:\/\/www.auvifdemaplume.fr\/index.php\/wp-json\/wp\/v2\/categories?post=1254"},{"taxonomy":"post_tag","embeddable":true,"href":"https:\/\/www.auvifdemaplume.fr\/index.php\/wp-json\/wp\/v2\/tags?post=1254"}],"curies":[{"name":"wp","href":"https:\/\/api.w.org\/{rel}","templated":true}]}}