{"id":1238,"date":"2017-12-13T10:41:29","date_gmt":"2017-12-13T10:41:29","guid":{"rendered":"http:\/\/www.auvifdemaplume.fr\/?p=1238"},"modified":"2017-12-13T10:41:29","modified_gmt":"2017-12-13T10:41:29","slug":"christiane-singer-aimait-dire-tu-le-choix-entre-la-vie-et-la-mort-choisis-la-vie-et-tu-vivras","status":"publish","type":"post","link":"https:\/\/www.auvifdemaplume.fr\/index.php\/2017\/12\/13\/christiane-singer-aimait-dire-tu-le-choix-entre-la-vie-et-la-mort-choisis-la-vie-et-tu-vivras\/","title":{"rendered":"Christiane Singer aimait \u00e0 dire : Tu as le choix entre la vie et la mort. Choisis la vie et tu vivras !"},"content":{"rendered":"<p>Aujourd\u2019hui j\u2019ai envie de vous parler de Christiane Singer, qui au-del\u00e0 d\u2019\u00eatre une grande \u00e9crivaine, fut une femme d\u2019une grande Pr\u00e9sence.<\/p>\n<p><strong>Christiane Singer est une \u00e2me qui nous veut du bien.<\/strong><br \/>\nDe sa voix aimante et persuasive, elle nous apporte inlassablement au creux de l\u2019oreille, au coin de l\u2019\u0153il, ce \u00e0 c\u00f4t\u00e9 de quoi il serait terrible de passer: le sacr\u00e9 de la vie.<br \/>\nQuand Christiane emploie le mot Pr\u00e9sence, on sait qu\u2019elle est l\u00e0, absolument l\u00e0. C\u2019est une femme qui bien qu\u2019ayant d\u00e9j\u00e0 rejoint l\u2019autre monde, nous \u00e9merveille chaque jour, que ce soit \u00e0 travers ses interviews ou ses livres.<\/p>\n<p>Elle nait durant la seconde guerre mondiale \u00e0 Marseille. Mes parents y couraient alors en socquettes et culottes courtes et je n\u2019y serai programm\u00e9e \u00e0 mon tour que vingt ans plus tard. El\u00e8ve au lyc\u00e9e Montgrand, elle s\u2019assoit sur le si\u00e8ge encore chaud que ma m\u00e8re, admise en math\u00e9matiques sup\u00e9rieures au lyc\u00e9e Longchamp, laisse vacant. J\u2019aime \u00e0 imaginer qu\u2019elles se sont crois\u00e9es, au moins dans le c\u0153ur d\u2019un de leurs professeurs, s\u00e9duit sans doute par le p\u00e9tillement de ces yeux d\u2019enfants venus d\u2019ailleurs. Mais quand ma m\u00e8re cachait au plus profond d\u2019elle-m\u00eame une histoire dramatique venue d\u2019Orient, Christiane dansait entre le fran\u00e7ais et l\u2019allemand et portait haut et fort son sang m\u00eal\u00e9 de Russie chr\u00e9tienne et de Hongrie juive dans une France h\u00e9b\u00e9t\u00e9e.<\/p>\n<p>Sa devise \u00e9tait de vivre le plus intens\u00e9ment possible et c\u2019est ce qu\u2019elle fit. <strong>La lire est un miracle<\/strong>. Il y a tant de force et de beaut\u00e9 dans ses mots, dans son phras\u00e9, que sans m\u00eame y prendre garde, vous devenez plus fort et plus beau en traversant ses livres. Son \u00e9criture soign\u00e9e, limpide, nous emporte sur le chemin bien simple de la vie : le long de vingt livres incandescents sortis sans tambour ni trompette, <strong>elle nous am\u00e8ne \u00e0 nous \u00e9merveiller autant qu\u2019\u00e0 nous r\u00e9aliser.<\/strong><\/p>\n<p>Elle parlait d\u2019elle comme peu de femmes osent le faire, oblig\u00e9e de retenir sa force, sa rage de vivre pour rester audible, compr\u00e9hensible: Le sexe faible\u00a0? Quelle dr\u00f4le d\u2019id\u00e9e\u00a0! Sans le f\u00e9minin enfoui dans chaque \u00eatre, une soci\u00e9t\u00e9 est condamn\u00e9e \u00e0 mort\u00a0!<\/p>\n<p>De tous ces fragments d\u2019un long voyage\u00a0 qu\u2019elle nous a laiss\u00e9s, je ne sais lequel choisir pour vous aujourd\u2019hui. <strong>Alors je vais simplement vous proposer de vous faire confiance<\/strong> et partager avec vous ses derniers mots \u00ab\u00a0J\u2019ai plong\u00e9. J\u2019ose le dire, oui, cul par dessus t\u00eate, j\u2019ai plong\u00e9\u00a0! Et comme disait Aristote \u00ab\u00a0<em>Tu connaitras la justesse de ton chemin \u00e0 ce qu\u2019il t\u2019aura rendu heureux<\/em>. Du fond du c\u0153ur, merci.\u00a0\u00bb Elle s\u2019\u00e9teignit quelques jours plus tard.<\/p>\n<p>C\u2019est une phrase de cette femme inspirante qui accueille le lecteur au seuil de mon troisi\u00e8me livre\u00a0\u00a0<a href=\"http:\/\/www.lagriffedevinaya.fr\/#\/quemavoixdemeure\" target=\"_blank\" rel=\"noopener noreferrer\">Que ma voix demeure\u00a0<\/a>. Comment faire autrement qu&#8217;aimer\u00a0?<\/p>\n<p>Pour terminer, je vous dirai simplement que je n\u2019ai pas eu la chance de rencontrer Christiane Singer. Mais j\u2019ai la chance aujourd\u2019hui d\u2019avoir rencontr\u00e9 une personne qui l\u2019a bien connue, avec laquelle elle a travaill\u00e9, une femme math\u00e9maticienne qui pr\u00f4ne dans son enseignement l\u2019auto-louange et qui inlassablement, \u00e0 son tour, nous invite \u00e0 retrouver notre noblesse d\u2019\u00e2me. Elle s\u2019appelle <a href=\"http:\/\/www.mariemilis.net\/\" target=\"_blank\" rel=\"noopener noreferrer\">Marie Milis<\/a> et sa Pr\u00e9sence est magnifique. C\u2019est une femme que j\u2019aurais tant aim\u00e9 que ma m\u00e8re rencontre avant de partir. Surtout n\u2019h\u00e9sitez pas, plongez\u00a0!!<\/p>\n<p>Avec toute ma f\u00e9minit\u00e9,<\/p>\n<p><img loading=\"lazy\" decoding=\"async\" class=\"alignnone wp-image-368\" src=\"http:\/\/www.auvifdemaplume.fr\/wp-content\/uploads\/2017\/05\/SIGNATURE-02-300x151.png\" alt=\"\" width=\"121\" height=\"61\" srcset=\"https:\/\/www.auvifdemaplume.fr\/wp-content\/uploads\/2017\/05\/SIGNATURE-02-300x151.png 300w, https:\/\/www.auvifdemaplume.fr\/wp-content\/uploads\/2017\/05\/SIGNATURE-02-483x242.png 483w, https:\/\/www.auvifdemaplume.fr\/wp-content\/uploads\/2017\/05\/SIGNATURE-02-360x181.png 360w, https:\/\/www.auvifdemaplume.fr\/wp-content\/uploads\/2017\/05\/SIGNATURE-02-600x301.png 600w, https:\/\/www.auvifdemaplume.fr\/wp-content\/uploads\/2017\/05\/SIGNATURE-02-263x132.png 263w, https:\/\/www.auvifdemaplume.fr\/wp-content\/uploads\/2017\/05\/SIGNATURE-02.png 743w\" sizes=\"auto, (max-width: 121px) 100vw, 121px\" \/><\/p>\n","protected":false},"excerpt":{"rendered":"<p>Aujourd\u2019hui j\u2019ai envie de vous parler de Christiane Singer, qui au-del\u00e0 d\u2019\u00eatre une grande \u00e9crivaine, fut une femme d\u2019une grande Pr\u00e9sence.<\/p>\n<p><strong>Christiane Singer est une \u00e2me qui nous veut du bien.<\/strong><br \/>\nDe sa voix aimante et persuasive, elle nous apporte inlassablement au creux de l\u2019oreille, au coin de l\u2019\u0153il, ce \u00e0 c\u00f4t\u00e9 de quoi il serait terrible de passer: le sacr\u00e9 de la vie.<br \/>\nQuand Christiane emploie le mot Pr\u00e9sence, on sait qu\u2019elle est l\u00e0, absolument l\u00e0. C\u2019est une femme qui bien qu\u2019ayant d\u00e9j\u00e0 rejoint l\u2019autre monde, nous \u00e9merveille chaque jour, que ce soit \u00e0 travers ses interviews ou ses livres.<\/p>\n<p>Elle nait durant la seconde guerre mondiale \u00e0 Marseille. Mes parents y couraient alors en socquettes et culottes courtes et je n\u2019y serai programm\u00e9e \u00e0 mon tour que vingt ans plus tard. El\u00e8ve au lyc\u00e9e Montgrand, elle s\u2019assoit sur le si\u00e8ge encore chaud que ma m\u00e8re,<\/p>\n","protected":false},"author":3,"featured_media":1246,"comment_status":"open","ping_status":"open","sticky":false,"template":"","format":"standard","meta":{"_exactmetrics_skip_tracking":false,"_exactmetrics_sitenote_active":false,"_exactmetrics_sitenote_note":"","_exactmetrics_sitenote_category":0,"footnotes":""},"categories":[12,1],"tags":[24,25,27],"class_list":["post-1238","post","type-post","status-publish","format-standard","has-post-thumbnail","hentry","category-lire-ecrire","category-uncategorized","tag-chemin-de-vie","tag-responsabilite","tag-voix"],"_links":{"self":[{"href":"https:\/\/www.auvifdemaplume.fr\/index.php\/wp-json\/wp\/v2\/posts\/1238","targetHints":{"allow":["GET"]}}],"collection":[{"href":"https:\/\/www.auvifdemaplume.fr\/index.php\/wp-json\/wp\/v2\/posts"}],"about":[{"href":"https:\/\/www.auvifdemaplume.fr\/index.php\/wp-json\/wp\/v2\/types\/post"}],"author":[{"embeddable":true,"href":"https:\/\/www.auvifdemaplume.fr\/index.php\/wp-json\/wp\/v2\/users\/3"}],"replies":[{"embeddable":true,"href":"https:\/\/www.auvifdemaplume.fr\/index.php\/wp-json\/wp\/v2\/comments?post=1238"}],"version-history":[{"count":10,"href":"https:\/\/www.auvifdemaplume.fr\/index.php\/wp-json\/wp\/v2\/posts\/1238\/revisions"}],"predecessor-version":[{"id":1249,"href":"https:\/\/www.auvifdemaplume.fr\/index.php\/wp-json\/wp\/v2\/posts\/1238\/revisions\/1249"}],"wp:featuredmedia":[{"embeddable":true,"href":"https:\/\/www.auvifdemaplume.fr\/index.php\/wp-json\/wp\/v2\/media\/1246"}],"wp:attachment":[{"href":"https:\/\/www.auvifdemaplume.fr\/index.php\/wp-json\/wp\/v2\/media?parent=1238"}],"wp:term":[{"taxonomy":"category","embeddable":true,"href":"https:\/\/www.auvifdemaplume.fr\/index.php\/wp-json\/wp\/v2\/categories?post=1238"},{"taxonomy":"post_tag","embeddable":true,"href":"https:\/\/www.auvifdemaplume.fr\/index.php\/wp-json\/wp\/v2\/tags?post=1238"}],"curies":[{"name":"wp","href":"https:\/\/api.w.org\/{rel}","templated":true}]}}