{"id":1227,"date":"2017-12-07T14:39:52","date_gmt":"2017-12-07T14:39:52","guid":{"rendered":"http:\/\/www.auvifdemaplume.fr\/?p=1227"},"modified":"2017-12-07T14:39:52","modified_gmt":"2017-12-07T14:39:52","slug":"allumer-le-feu","status":"publish","type":"post","link":"https:\/\/www.auvifdemaplume.fr\/index.php\/2017\/12\/07\/allumer-le-feu\/","title":{"rendered":"Allumer le feu&#8230;"},"content":{"rendered":"<p>Hier, apr\u00e8s une journ\u00e9e o\u00f9 les dialogues de mon nouveau projet litt\u00e9raire naissaient sous ma plume comme dict\u00e9s d\u2019un ailleurs, j\u2019ai \u00e9teint la chaudi\u00e8re.<br \/>\nJe voulais vivre uniquement dans le cr\u00e9pitement de la flamme et l\u2019odeur du bois.<br \/>\nJe voulais vivre comme mes a\u00efeux ont v\u00e9cu, resserr\u00e9s autour d\u2019un feu en \u00e9coutant le vent dans les grands arbres.<br \/>\nJe voulais surtout <strong>laisser la musique de Johnny envahir mon \u00e2me et fouiller ma m\u00e9moire, libre de toute entrave.<\/strong><\/p>\n<p>Dans chaque chaumi\u00e8re, ce\u00a0troubadour aux yeux rieurs, a laiss\u00e9 une trace de son passage\u00a0: une chanson, une danse, un geste, une rime, un baiser vol\u00e9, un concert sous des trombes d\u2019eau o\u00f9 ses bottes de rocker faisaient des \u00e9tincelles, d&#8217;immenses f\u00eates populaires.<br \/>\n<strong>Il a tout br\u00fbl\u00e9 sans compter ni regretter.<\/strong> Il vivait pour la sc\u00e8ne et elle le lui rendait bien, il savait l&#8217;habiter, aussi grande qu&#8217;elle fut. Il nous a, \u00e0 nous son public, comme seuls les tr\u00e8s grands savent le faire, tout donn\u00e9.<\/p>\n<p>Johnny, tu as chant\u00e9 de 7 \u00e0 presque 77 ans, dans des salles de concert et des stades, dans des prisons et des caf\u00e9s, en haut de la Tour Eiffel et dans les caves de Saint-Germain-des-Pr\u00e9s.Tu faisais\u00a0d\u00e9j\u00e0 danser l&#8217;Olympia alors que je n&#8217;\u00e9tais pas n\u00e9e.\u00a0Tu as fait chanter ma m\u00e8re, mon p\u00e8re, mes fr\u00e8res et mes s\u0153urs, oh oui, mais aussi mes enfants et leurs amis, faisant croire \u00e0 chacun, subtilement et sans m\u00eame y penser, qu&#8217;il \u00e9tait de ta g\u00e9n\u00e9ration ou plut\u00f4t que tu \u00e9tais de la sienne.<\/p>\n<p>Alors moi qui ai d\u00e9j\u00e0 tant re\u00e7u, tant appris, je te promets, homme aujourd\u2019hui endormi, de porter ta flamme dans mon c\u0153ur longtemps, longtemps, longtemps, <strong>aussi longtemps que je saurai faire r\u00e9sonner ta voix dans ma vie.<\/strong><\/p>\n<p>Que ta voix demeure,<\/p>\n<p><img loading=\"lazy\" decoding=\"async\" class=\"alignnone wp-image-368\" src=\"http:\/\/www.auvifdemaplume.fr\/wp-content\/uploads\/2017\/05\/SIGNATURE-02-300x151.png\" alt=\"\" width=\"121\" height=\"61\" srcset=\"https:\/\/www.auvifdemaplume.fr\/wp-content\/uploads\/2017\/05\/SIGNATURE-02-300x151.png 300w, https:\/\/www.auvifdemaplume.fr\/wp-content\/uploads\/2017\/05\/SIGNATURE-02-483x242.png 483w, https:\/\/www.auvifdemaplume.fr\/wp-content\/uploads\/2017\/05\/SIGNATURE-02-360x181.png 360w, https:\/\/www.auvifdemaplume.fr\/wp-content\/uploads\/2017\/05\/SIGNATURE-02-600x301.png 600w, https:\/\/www.auvifdemaplume.fr\/wp-content\/uploads\/2017\/05\/SIGNATURE-02-263x132.png 263w, https:\/\/www.auvifdemaplume.fr\/wp-content\/uploads\/2017\/05\/SIGNATURE-02.png 743w\" sizes=\"auto, (max-width: 121px) 100vw, 121px\" \/><\/p>\n","protected":false},"excerpt":{"rendered":"<p>Hier, apr\u00e8s une journ\u00e9e o\u00f9 les dialogues de mon nouveau projet litt\u00e9raire naissaient sous ma plume comme dict\u00e9s d\u2019un ailleurs, j\u2019ai \u00e9teint la chaudi\u00e8re.<br \/>\nJe voulais vivre uniquement dans le cr\u00e9pitement de la flamme et l\u2019odeur du bois.<br \/>\nJe voulais vivre comme mes a\u00efeux ont v\u00e9cu, resserr\u00e9s autour d\u2019un feu en \u00e9coutant le vent dans les grands arbres.<br \/>\nJe voulais surtout <strong>laisser la musique de Johnny envahir mon \u00e2me et fouiller ma m\u00e9moire, libre de toute entrave.<\/strong><\/p>\n<p>Dans chaque chaumi\u00e8re, ce\u00a0troubadour aux yeux rieurs, a laiss\u00e9 une trace de son passage\u00a0: une chanson, une danse, un geste, une rime, un baiser vol\u00e9, un concert sous des trombes d\u2019eau o\u00f9 ses bottes de rocker faisaient des \u00e9tincelles, d&#8217;immenses f\u00eates populaires.<br \/>\n<strong>Il a tout br\u00fbl\u00e9 sans compter ni regretter.<\/strong> Il vivait pour la sc\u00e8ne et elle le lui rendait bien,<\/p>\n","protected":false},"author":3,"featured_media":1235,"comment_status":"open","ping_status":"open","sticky":false,"template":"","format":"standard","meta":{"_exactmetrics_skip_tracking":false,"_exactmetrics_sitenote_active":false,"_exactmetrics_sitenote_note":"","_exactmetrics_sitenote_category":0,"footnotes":""},"categories":[1],"tags":[21,27],"class_list":["post-1227","post","type-post","status-publish","format-standard","has-post-thumbnail","hentry","category-uncategorized","tag-artiste","tag-voix"],"_links":{"self":[{"href":"https:\/\/www.auvifdemaplume.fr\/index.php\/wp-json\/wp\/v2\/posts\/1227","targetHints":{"allow":["GET"]}}],"collection":[{"href":"https:\/\/www.auvifdemaplume.fr\/index.php\/wp-json\/wp\/v2\/posts"}],"about":[{"href":"https:\/\/www.auvifdemaplume.fr\/index.php\/wp-json\/wp\/v2\/types\/post"}],"author":[{"embeddable":true,"href":"https:\/\/www.auvifdemaplume.fr\/index.php\/wp-json\/wp\/v2\/users\/3"}],"replies":[{"embeddable":true,"href":"https:\/\/www.auvifdemaplume.fr\/index.php\/wp-json\/wp\/v2\/comments?post=1227"}],"version-history":[{"count":9,"href":"https:\/\/www.auvifdemaplume.fr\/index.php\/wp-json\/wp\/v2\/posts\/1227\/revisions"}],"predecessor-version":[{"id":1237,"href":"https:\/\/www.auvifdemaplume.fr\/index.php\/wp-json\/wp\/v2\/posts\/1227\/revisions\/1237"}],"wp:featuredmedia":[{"embeddable":true,"href":"https:\/\/www.auvifdemaplume.fr\/index.php\/wp-json\/wp\/v2\/media\/1235"}],"wp:attachment":[{"href":"https:\/\/www.auvifdemaplume.fr\/index.php\/wp-json\/wp\/v2\/media?parent=1227"}],"wp:term":[{"taxonomy":"category","embeddable":true,"href":"https:\/\/www.auvifdemaplume.fr\/index.php\/wp-json\/wp\/v2\/categories?post=1227"},{"taxonomy":"post_tag","embeddable":true,"href":"https:\/\/www.auvifdemaplume.fr\/index.php\/wp-json\/wp\/v2\/tags?post=1227"}],"curies":[{"name":"wp","href":"https:\/\/api.w.org\/{rel}","templated":true}]}}