{"id":1085,"date":"2017-11-03T10:19:25","date_gmt":"2017-11-03T10:19:25","guid":{"rendered":"http:\/\/www.auvifdemaplume.fr\/?p=1085"},"modified":"2017-11-03T10:21:50","modified_gmt":"2017-11-03T10:21:50","slug":"en-route-vers-la-poesie-et-si-vous-montiez-bord","status":"publish","type":"post","link":"https:\/\/www.auvifdemaplume.fr\/index.php\/2017\/11\/03\/en-route-vers-la-poesie-et-si-vous-montiez-bord\/","title":{"rendered":"En route vers la Po\u00e9sie : et si vous montiez \u00e0 bord ?"},"content":{"rendered":"<p><strong>Les livres partent un \u00e0 un vers d\u2019autres mains<\/strong> et c\u2019est \u00e0 moi maintenant de recevoir les mots des lecteurs. Ce matin le facteur de la toile m\u2019a apport\u00e9 un cadeau &#8220;<em>Simplement te dire combien ton nouveau livre m&#8217;a plu. Ton premier \u00e9tait une gr\u00e2ce. Le second m\u2019a envout\u00e9. Je ne sais comment qualifier ce troisi\u00e8me mais c&#8217;est le plus abouti des trois : tu as su tisser entre les mots et ce qu\u2019ils nous racontent une parfaite musicalit\u00e9: sans doute la maturit\u00e9 de l&#8217;\u00e9crivaine et aussi votre 4 mains avec ta fille ?&#8221;<\/em><\/p>\n<p>Et c\u2019est vrai, avec ce livre <strong>j\u2019ai tordu d\u00e9finitivement le cou \u00e0 ma peur de vivre<\/strong>. C\u2019est un secret que je d\u00e9couvre avoir partag\u00e9 longtemps, sans le savoir, avec ma derni\u00e8re fille. Nous avons travers\u00e9 ensemble et cela se sent. J\u2019en suis heureuse. <strong>La vie est tellement plus belle quand on arrive \u00e0 partager.\u00a0<\/strong>Finaliser mon troisi\u00e8me livre avec mon troisi\u00e8me enfant a \u00e9t\u00e9 une b\u00e9n\u00e9diction de la vie. La magie d\u2019oser \u00eatre soi c\u2019est cela\u00a0: chacun peut enfin vous voir dans votre enti\u00e8ret\u00e9. Communiquer avec l\u2019\u00eatre que vous \u00eates redevient alors un jeu d\u2019enfant.<\/p>\n<p>Po\u00e9tesse ? Pour moi c\u2019est \u00eatre responsable d\u2019un bout \u00e0 l\u2019autre de l&#8217;aventure, <strong>c\u2019\u00e9tait certainement mon chemin pour d<\/strong><strong>evenir capitaine de mon \u00e2me.\u00a0<\/strong>Parce que c\u2019est dans l\u2019obscur, l\u2019intime que r\u00e9side la v\u00e9rit\u00e9 de ce que nous sommes.<\/p>\n<p>Alors\u00a0j&#8217;ai tout recommenc\u00e9, timidement, par le d\u00e9but et j&#8217;ai renou\u00e9 avec le dialogue. Le dialogue int\u00e9rieur, le dialogue avec l&#8217;autre et le plus juste, celui avec l&#8217;enfant.\u00a0En r\u00e9alit\u00e9, les hommes\u00a0n&#8217;ont nul besoin d&#8217;interm\u00e9diaire -ni gourou, ni machines-\u00a0 pour se comprendre <strong>et se passer comme un flambeau le go\u00fbt de la connaissance, de la libert\u00e9, de la parole.<\/strong><br \/>\nAujourd\u2019hui je suis une femme sans majuscule, artisan qui aime son m\u00e9tier et qui voit chaque jour sa page blanche comme le champ des possibles o\u00f9 par petites touches noires, les mots se mettent \u00e0 chanter. C&#8217;est cela que je partage d\u00e9j\u00e0 et que je souhaite partager encore plus avec vous \u00e0 l&#8217;occasion de vraies rencontres : <strong>des voyages en Po\u00e9sie qui donnent envie d&#8217;aimer notre monde vivant et plein de couleurs. <\/strong>Voici les dates et lieux des prochains voyages :<a href=\"http:\/\/www.auvifdemaplume.fr\/index.php\/voyages-en-poesie\/\" target=\"_blank\" rel=\"noopener noreferrer\"> ici<\/a><\/p>\n<p>Et si vous veniez chanter avec moi\u00a0?<\/p>\n<p><img loading=\"lazy\" decoding=\"async\" class=\"alignnone wp-image-368\" src=\"http:\/\/www.auvifdemaplume.fr\/wp-content\/uploads\/2017\/05\/SIGNATURE-02-300x151.png\" alt=\"\" width=\"121\" height=\"61\" srcset=\"https:\/\/www.auvifdemaplume.fr\/wp-content\/uploads\/2017\/05\/SIGNATURE-02-300x151.png 300w, https:\/\/www.auvifdemaplume.fr\/wp-content\/uploads\/2017\/05\/SIGNATURE-02-483x242.png 483w, https:\/\/www.auvifdemaplume.fr\/wp-content\/uploads\/2017\/05\/SIGNATURE-02-360x181.png 360w, https:\/\/www.auvifdemaplume.fr\/wp-content\/uploads\/2017\/05\/SIGNATURE-02-600x301.png 600w, https:\/\/www.auvifdemaplume.fr\/wp-content\/uploads\/2017\/05\/SIGNATURE-02-263x132.png 263w, https:\/\/www.auvifdemaplume.fr\/wp-content\/uploads\/2017\/05\/SIGNATURE-02.png 743w\" sizes=\"auto, (max-width: 121px) 100vw, 121px\" \/><\/p>\n","protected":false},"excerpt":{"rendered":"<p><strong>Les livres partent un \u00e0 un vers d\u2019autres mains<\/strong> et c\u2019est \u00e0 moi maintenant de recevoir les mots des lecteurs. Ce matin le facteur de la toile m\u2019a apport\u00e9 un cadeau &#8220;<em>Simplement te dire combien ton nouveau livre m&#8217;a plu. Ton premier \u00e9tait une gr\u00e2ce. Le second m\u2019a envout\u00e9. Je ne sais comment qualifier ce troisi\u00e8me mais c&#8217;est le plus abouti des trois : tu as su tisser entre les mots et ce qu\u2019ils nous racontent une parfaite musicalit\u00e9: sans doute la maturit\u00e9 de l&#8217;\u00e9crivaine et aussi votre 4 mains avec ta fille ?&#8221;<\/em><\/p>\n<p>Et c\u2019est vrai, avec ce livre <strong>j\u2019ai tordu d\u00e9finitivement le cou \u00e0 ma peur de vivre<\/strong>. C\u2019est un secret que je d\u00e9couvre avoir partag\u00e9 longtemps, sans le savoir, avec ma derni\u00e8re fille. Nous avons travers\u00e9 ensemble et cela se sent. J\u2019en suis heureuse. <strong>La vie est tellement plus belle quand on arrive \u00e0 partager.\u00a0<\/strong><\/p>\n","protected":false},"author":3,"featured_media":1098,"comment_status":"open","ping_status":"open","sticky":false,"template":"","format":"standard","meta":{"_exactmetrics_skip_tracking":false,"_exactmetrics_sitenote_active":false,"_exactmetrics_sitenote_note":"","_exactmetrics_sitenote_category":0,"footnotes":""},"categories":[1],"tags":[23,24,27],"class_list":["post-1085","post","type-post","status-publish","format-standard","has-post-thumbnail","hentry","category-uncategorized","tag-artisan","tag-chemin-de-vie","tag-voix"],"_links":{"self":[{"href":"https:\/\/www.auvifdemaplume.fr\/index.php\/wp-json\/wp\/v2\/posts\/1085","targetHints":{"allow":["GET"]}}],"collection":[{"href":"https:\/\/www.auvifdemaplume.fr\/index.php\/wp-json\/wp\/v2\/posts"}],"about":[{"href":"https:\/\/www.auvifdemaplume.fr\/index.php\/wp-json\/wp\/v2\/types\/post"}],"author":[{"embeddable":true,"href":"https:\/\/www.auvifdemaplume.fr\/index.php\/wp-json\/wp\/v2\/users\/3"}],"replies":[{"embeddable":true,"href":"https:\/\/www.auvifdemaplume.fr\/index.php\/wp-json\/wp\/v2\/comments?post=1085"}],"version-history":[{"count":17,"href":"https:\/\/www.auvifdemaplume.fr\/index.php\/wp-json\/wp\/v2\/posts\/1085\/revisions"}],"predecessor-version":[{"id":1122,"href":"https:\/\/www.auvifdemaplume.fr\/index.php\/wp-json\/wp\/v2\/posts\/1085\/revisions\/1122"}],"wp:featuredmedia":[{"embeddable":true,"href":"https:\/\/www.auvifdemaplume.fr\/index.php\/wp-json\/wp\/v2\/media\/1098"}],"wp:attachment":[{"href":"https:\/\/www.auvifdemaplume.fr\/index.php\/wp-json\/wp\/v2\/media?parent=1085"}],"wp:term":[{"taxonomy":"category","embeddable":true,"href":"https:\/\/www.auvifdemaplume.fr\/index.php\/wp-json\/wp\/v2\/categories?post=1085"},{"taxonomy":"post_tag","embeddable":true,"href":"https:\/\/www.auvifdemaplume.fr\/index.php\/wp-json\/wp\/v2\/tags?post=1085"}],"curies":[{"name":"wp","href":"https:\/\/api.w.org\/{rel}","templated":true}]}}