{"id":1061,"date":"2017-10-22T18:54:09","date_gmt":"2017-10-22T18:54:09","guid":{"rendered":"http:\/\/www.auvifdemaplume.fr\/?p=1061"},"modified":"2017-11-12T16:38:42","modified_gmt":"2017-11-12T16:38:42","slug":"lautomne-dans-le-sud","status":"publish","type":"post","link":"https:\/\/www.auvifdemaplume.fr\/index.php\/2017\/10\/22\/lautomne-dans-le-sud\/","title":{"rendered":"L&#8217;automne, dans le Sud&#8230;"},"content":{"rendered":"<p>Longue semaine pleine d\u2019un vide int\u00e9rieur. Je me croyais\u00a0cette fois-ci \u00e0 l&#8217;abri de telles sensations mais ma m\u00e9t\u00e9o en creux de ces derniers temps me prouve le contraire.<\/p>\n<p>Je suis \u00e9puis\u00e9e, comme je le fus apr\u00e8s\u00a0<a href=\"http:\/\/www.lagriffedevinaya.fr\/#\/momig\">Momig<\/a> et apr\u00e8s\u00a0<a href=\"http:\/\/www.lagriffedevinaya.fr\/#\/leventreetlaplume\" target=\"_blank\" rel=\"noopener noreferrer\">Le ventre et la plume<\/a>.<br \/>\n<strong>\u00c0 l\u2019arriv\u00e9e de chaque livre, j\u2019ai l\u2019impression pendant quelques temps que je ne pourrai plus ajouter une seule ligne, un seul mot, que je ne pourrai plus jamais \u00e9crire.<\/strong><br \/>\nJ\u2019accepte cette id\u00e9e aujourd\u2019hui car elle est vraie. Elle fixe ce moment pr\u00e9cis de l\u2019apr\u00e8s, elle mat\u00e9rialise que quelque chose de concret est arriv\u00e9\u00a0: la naissance de\u00a0<a href=\"http:\/\/www.lagriffedevinaya.fr\/#\/quemavoixdemeure\" target=\"_blank\" rel=\"noopener noreferrer\">Que ma voix demeure<\/a>.<br \/>\nLe blues du post-partum litt\u00e9raire est \u00e0 nouveau l\u00e0 et il prend d&#8217;autant\u00a0plus de\u00a0place\u00a0que la lumi\u00e8re s&#8217;enfuit \u00e0 tire d&#8217;aile.<\/p>\n<p>Les jours s\u2019\u00e9gr\u00e8nent comme les perles d\u2019un collier sans fin : je les vois souvent blanches mais certaines sont grises et quelques noires me rappellent les jours sombres que la vie nous r\u00e9serve parfois. J\u2019aime cette id\u00e9e de perles de nacre qui dessinent une route o\u00f9 chaque jour exige en nous des qualit\u00e9s d&#8217;\u00e9quilibriste pour rester debout. Tout roule, tout bouge sous nos pas, les jours, comme la terre, tournent. Et nous avec. Quand j&#8217;\u00e9cris je cherche, comme le funambule, \u00e0 avancer tout en gardant, au plus pr\u00e8s du fil de mes pens\u00e9es, mon centre de gravit\u00e9.<\/p>\n<p><strong>J\u2019ai fait de mon mieux\u00a0: c\u2019est ce que j\u2019ai \u00e9crit sur le sable<\/strong>, c\u2019est tout ce que j\u2019avais \u00e0 dire \u00e0 la mer, aux oiseaux et \u00e0 ceux que j\u2019aime. Les vagues peuvent venir tout emporter, elles n\u2019effaceront pas ce qui a \u00e9t\u00e9 dans ce pr\u00e9sent absolu.<br \/>\nJe suis venue jusque dans le Sud pour cela.<br \/>\n<strong>Et puis j\u2019ai march\u00e9 dans l\u2019eau.<\/strong> Le Mistral avait tout nettoy\u00e9 avant mon passage, la mer m\u2019a vivifi\u00e9 l\u2019esprit. Ici aussi l\u2019automne est arriv\u00e9 d\u2019un coup, comme si une main de g\u00e9ant avait balay\u00e9 d\u2019un seul geste la chaleur, les cigales et les lunes rousses. Ca s\u2019est pass\u00e9 pendant la nuit, pendant que tout le monde dormait et que m\u00eame les plus f\u00eatards avaient ferm\u00e9 les yeux.<\/p>\n<p>L\u2019automne dans le Sud c\u2019est un froid vif coup\u00e9 par la chaleur du soleil de midi. En terrasse tu peux boire le pastis comme en plein mois d\u2019ao\u00fbt. Mais il faut savoir rentrer t\u00f4t et t\u2019assoir gentiment pr\u00e8s du feu pour \u00e9couter siffler les ch\u00e2taignes.<br \/>\nL\u2019automne dans le Sud tra\u00eene avec lui une odeur particuli\u00e8re, une odeur qui vient de mon enfance, une odeur qui m\u2019aide \u00e0 traverser les creux, \u00e0 remplir les vides.<br \/>\n<strong>L\u2019automne dans le Sud c\u2019est mon histoire, c\u2019est celle que je suis venue, une fois de plus, retrouver.<\/strong><br \/>\nL\u2019automne dans le Sud c\u2019est tout ce que j&#8217;avais \u00e0 vous donner aujourd&#8217;hui.<\/p>\n<p>Avec toute ma chaleur,<\/p>\n<p><img loading=\"lazy\" decoding=\"async\" class=\"alignnone wp-image-368\" src=\"http:\/\/www.auvifdemaplume.fr\/wp-content\/uploads\/2017\/05\/SIGNATURE-02-300x151.png\" alt=\"\" width=\"121\" height=\"61\" srcset=\"https:\/\/www.auvifdemaplume.fr\/wp-content\/uploads\/2017\/05\/SIGNATURE-02-300x151.png 300w, https:\/\/www.auvifdemaplume.fr\/wp-content\/uploads\/2017\/05\/SIGNATURE-02-483x242.png 483w, https:\/\/www.auvifdemaplume.fr\/wp-content\/uploads\/2017\/05\/SIGNATURE-02-360x181.png 360w, https:\/\/www.auvifdemaplume.fr\/wp-content\/uploads\/2017\/05\/SIGNATURE-02-600x301.png 600w, https:\/\/www.auvifdemaplume.fr\/wp-content\/uploads\/2017\/05\/SIGNATURE-02-263x132.png 263w, https:\/\/www.auvifdemaplume.fr\/wp-content\/uploads\/2017\/05\/SIGNATURE-02.png 743w\" sizes=\"auto, (max-width: 121px) 100vw, 121px\" \/><\/p>\n","protected":false},"excerpt":{"rendered":"<p>Longue semaine pleine d\u2019un vide int\u00e9rieur. Je me croyais\u00a0cette fois-ci \u00e0 l&#8217;abri de telles sensations mais ma m\u00e9t\u00e9o en creux de ces derniers temps me prouve le contraire.<\/p>\n<p>Je suis \u00e9puis\u00e9e, comme je le fus apr\u00e8s\u00a0<a href=\"http:\/\/www.lagriffedevinaya.fr\/#\/momig\">Momig<\/a> et apr\u00e8s\u00a0<a href=\"http:\/\/www.lagriffedevinaya.fr\/#\/leventreetlaplume\" target=\"_blank\" rel=\"noopener noreferrer\">Le ventre et la plume<\/a>.<br \/>\n<strong>\u00c0 l\u2019arriv\u00e9e de chaque livre, j\u2019ai l\u2019impression pendant quelques temps que je ne pourrai plus ajouter une seule ligne, un seul mot, que je ne pourrai plus jamais \u00e9crire.<\/strong><br \/>\nJ\u2019accepte cette id\u00e9e aujourd\u2019hui car elle est vraie. Elle fixe ce moment pr\u00e9cis de l\u2019apr\u00e8s, elle mat\u00e9rialise que quelque chose de concret est arriv\u00e9\u00a0: la naissance de\u00a0<a href=\"http:\/\/www.lagriffedevinaya.fr\/#\/quemavoixdemeure\" target=\"_blank\" rel=\"noopener noreferrer\">Que ma voix demeure<\/a>.<br \/>\nLe blues du post-partum litt\u00e9raire est \u00e0 nouveau l\u00e0 et il prend d&#8217;autant\u00a0plus de\u00a0place\u00a0que la lumi\u00e8re s&#8217;enfuit \u00e0 tire d&#8217;aile.<\/p>\n<p>Les jours s\u2019\u00e9gr\u00e8nent comme les perles d\u2019un collier sans fin : je les vois souvent blanches mais certaines sont grises et quelques noires me rappellent les jours sombres que la vie nous r\u00e9serve parfois.<\/p>\n","protected":false},"author":3,"featured_media":1082,"comment_status":"open","ping_status":"open","sticky":false,"template":"","format":"standard","meta":{"_exactmetrics_skip_tracking":false,"_exactmetrics_sitenote_active":false,"_exactmetrics_sitenote_note":"","_exactmetrics_sitenote_category":0,"footnotes":""},"categories":[1],"tags":[24,16],"class_list":["post-1061","post","type-post","status-publish","format-standard","has-post-thumbnail","hentry","category-uncategorized","tag-chemin-de-vie","tag-ecrire"],"_links":{"self":[{"href":"https:\/\/www.auvifdemaplume.fr\/index.php\/wp-json\/wp\/v2\/posts\/1061","targetHints":{"allow":["GET"]}}],"collection":[{"href":"https:\/\/www.auvifdemaplume.fr\/index.php\/wp-json\/wp\/v2\/posts"}],"about":[{"href":"https:\/\/www.auvifdemaplume.fr\/index.php\/wp-json\/wp\/v2\/types\/post"}],"author":[{"embeddable":true,"href":"https:\/\/www.auvifdemaplume.fr\/index.php\/wp-json\/wp\/v2\/users\/3"}],"replies":[{"embeddable":true,"href":"https:\/\/www.auvifdemaplume.fr\/index.php\/wp-json\/wp\/v2\/comments?post=1061"}],"version-history":[{"count":23,"href":"https:\/\/www.auvifdemaplume.fr\/index.php\/wp-json\/wp\/v2\/posts\/1061\/revisions"}],"predecessor-version":[{"id":1124,"href":"https:\/\/www.auvifdemaplume.fr\/index.php\/wp-json\/wp\/v2\/posts\/1061\/revisions\/1124"}],"wp:featuredmedia":[{"embeddable":true,"href":"https:\/\/www.auvifdemaplume.fr\/index.php\/wp-json\/wp\/v2\/media\/1082"}],"wp:attachment":[{"href":"https:\/\/www.auvifdemaplume.fr\/index.php\/wp-json\/wp\/v2\/media?parent=1061"}],"wp:term":[{"taxonomy":"category","embeddable":true,"href":"https:\/\/www.auvifdemaplume.fr\/index.php\/wp-json\/wp\/v2\/categories?post=1061"},{"taxonomy":"post_tag","embeddable":true,"href":"https:\/\/www.auvifdemaplume.fr\/index.php\/wp-json\/wp\/v2\/tags?post=1061"}],"curies":[{"name":"wp","href":"https:\/\/api.w.org\/{rel}","templated":true}]}}