{"id":102,"date":"2017-05-08T16:53:26","date_gmt":"2017-05-08T16:53:26","guid":{"rendered":"http:\/\/www.auvifdemaplume.fr\/?p=102"},"modified":"2017-06-12T14:18:15","modified_gmt":"2017-06-12T14:18:15","slug":"micheline","status":"publish","type":"post","link":"https:\/\/www.auvifdemaplume.fr\/index.php\/2017\/05\/08\/micheline\/","title":{"rendered":"Micheline"},"content":{"rendered":"<p><span style=\"color: #808080;\">Quand Micheline est entr\u00e9e dans la salle o\u00f9 j\u2019allais faire une d\u00e9dicace de <a style=\"color: #ff6600;\" href=\"http:\/\/www.lagriffedevinaya.fr\/#\/momig\">Momig<\/a>, elle m\u2019a dit \u00ab\u00a0Je suis curieuse de vous \u00e9couter, j\u2019ai lu tout ce qui vous concernait sur internet\u00a0\u00bb. <strong>Son sourire et ses yeux grands ouverts<\/strong> m\u2019ont tout de suite donn\u00e9 confiance. Le lendemain, nous d\u00eenions chez elle&#8230;<\/span><\/p>\n<hr \/>\n<p style=\"text-align: center;\"><em>Il court, il court le furet<\/em><br \/>\n<em> Le furet du bois, Madame<\/em><br \/>\n<em> Il court, il court le furet&#8230;<\/em><\/p>\n<p style=\"text-align: left;\">Micheline court<br \/>\nEt comme le furet<br \/>\nElle met son nez partout<br \/>\nCurieuse<br \/>\nElle monte et elle descend<br \/>\nEntrant par une porte elle ressort par une autre<br \/>\n\u00ab\u00a0Vous avez vu\u00a0mes sculptures ?<br \/>\nCe n\u2019est pas termin\u00e9, vous savez, j\u2019ai tant et tant \u00e0 faire\u00a0\u00bb<br \/>\nJe n\u2019ai pas le temps de r\u00e9pondre, Micheline est repartie<br \/>\nC\u2019est dommage, c\u2019est si beau.<\/p>\n<p>Micheline telle une locomotive<br \/>\nFonce aux quatre coins de la plan\u00e8te<br \/>\nPartout o\u00f9 il y a des mers, elle veut voir et t\u00e9moigner<br \/>\nElle sculpte comme une journaliste<br \/>\nAvec l\u2019\u0153il de l\u2019artiste elle attire notre attention<\/p>\n<p>Regardez c\u2019est beau, c\u2019est la mer, notre mer<br \/>\nPleine de poubelles, couverte de mazout<br \/>\nEt puis vide, si vide, o\u00f9 sont donc pass\u00e9s les poissons\u00a0?<br \/>\nRegardez, c\u2019est beau, c\u2019est notre mer \u00e0 nous<br \/>\nLes humains\u00a0?<\/p>\n<p>Micheline repart \u00e0 la cuisine puis tout en haut de sa grange<br \/>\nElle nous a fait du poisson, il en restait donc un<br \/>\nEt des tonnes de douceurs<br \/>\nC\u2019est bon\u00a0? Vous ne vous ennuyez pas\u00a0? Qui veut chanter\u00a0?<br \/>\nElle a peur que tout ne soit pas parfait<br \/>\nElle voudrait tant que tout fut parfait<br \/>\nElle fait tout pour que tout soit parfait<br \/>\nHeureusement, \u00e7a ne l\u2019est pas<br \/>\nParfait<\/p>\n<p>Micheline travaille le verre<br \/>\nEnvers et contre tout<br \/>\nElle transforme les pots antirides en bateaux de r\u00eave<br \/>\nLes \u00e9prouvettes en \u00e9toiles de mer<br \/>\nLes cul de bouteille en algues marines<br \/>\nMais comment fait-elle\u00a0? se demande-t-on \u00e0 Murano<br \/>\nElle fond et recycle<br \/>\nEt parle \u00e0 travers son prisme<br \/>\nSon verre d\u00e9form\u00e9 confirme la r\u00e9alit\u00e9<br \/>\nElle voudrait tant<br \/>\nQue les oiseaux cessent d\u2019\u00eatre mazout\u00e9s<br \/>\nQue les fonds marins cessent d\u2019\u00eatre macul\u00e9s<br \/>\nQue l\u2019argent serve \u00e0 ce pourquoi il est simplement fait\u00a0: \u00e9changer<\/p>\n<p>Micheline<br \/>\nQuand elle est bateau, vogue sur des mers propres<br \/>\nOc\u00e9ans de cartons ou de rideaux bleus<br \/>\nSes filaments marins semblent vivants et nous invitent au voyage<br \/>\nQuand elle est tour, elle penche \u00e0 droite ou \u00e0 gauche, peu importe<br \/>\nSes Babel nous rappellent que nous pourrions tous \u00eatre fr\u00e8res<br \/>\nEt parler une m\u00eame langue, celle du c\u0153ur<br \/>\nSculpter est aujourd\u2019hui sa plume<br \/>\nPatiemment<\/p>\n<p>Elle recouvre ses fonds marins<br \/>\nDe m\u00e9tal argent\u00e9<br \/>\nEst-ce la place de l\u2019argent\u00a0?<br \/>\nElle habille ses oiseaux de noir<br \/>\nDe la t\u00eate au pied<br \/>\nPourquoi tant de deuils sous les flots bleus\u00a0?<br \/>\nSa mise en sc\u00e8ne est un voyage<br \/>\nO\u00f9 que vous alliez, c\u2019est beau<br \/>\nComme notre plan\u00e8te bleue<br \/>\nQui regorge de bouteilles jet\u00e9es \u00e0 pleins fourgons<br \/>\nSans un seul mot dedans<br \/>\nEt pourtant<br \/>\nIl est plus que temps<br \/>\nD\u2019en \u00e9crire au moins un<br \/>\nDans chacune d\u2019entre elles<br \/>\nSOS<\/p>\n<hr \/>\n<div id=\"attachment_320\" style=\"width: 421px\" class=\"wp-caption aligncenter\"><a href=\"http:\/\/www.auvifdemaplume.fr\/wp-content\/uploads\/2017\/05\/P1040418.jpeg\"><img loading=\"lazy\" decoding=\"async\" aria-describedby=\"caption-attachment-320\" class=\" wp-image-320\" src=\"http:\/\/www.auvifdemaplume.fr\/wp-content\/uploads\/2017\/05\/P1040418-300x225.jpeg\" alt=\"\" width=\"411\" height=\"308\" srcset=\"https:\/\/www.auvifdemaplume.fr\/wp-content\/uploads\/2017\/05\/P1040418-300x225.jpeg 300w, https:\/\/www.auvifdemaplume.fr\/wp-content\/uploads\/2017\/05\/P1040418-483x362.jpeg 483w, https:\/\/www.auvifdemaplume.fr\/wp-content\/uploads\/2017\/05\/P1040418-360x270.jpeg 360w, https:\/\/www.auvifdemaplume.fr\/wp-content\/uploads\/2017\/05\/P1040418-600x450.jpeg 600w, https:\/\/www.auvifdemaplume.fr\/wp-content\/uploads\/2017\/05\/P1040418-263x197.jpeg 263w, https:\/\/www.auvifdemaplume.fr\/wp-content\/uploads\/2017\/05\/P1040418.jpeg 640w\" sizes=\"auto, (max-width: 411px) 100vw, 411px\" \/><\/a><p id=\"caption-attachment-320\" class=\"wp-caption-text\">Micheline devant sa maison dans le Berry<\/p><\/div>\n<p>Une enfance sous la grisaille d&#8217;une banlieue parisienne. Il n\u2019en faut\u00a0pas plus pour cr\u00e9er un besoin irr\u00e9pressible d\u2019un au-del\u00e0 des fronti\u00e8res, color\u00e9, vivant, luxuriant,\u00a0inattendu. Voyages aux Antilles, V\u00e9n\u00e9zuela, Guyane, Afrique noire, Madagascar&#8230;, un an sur un\u00a0voilier, divers m\u00e9tiers du journalisme, graphiste, formatrice aux logiciels d\u2019\u00e9dition&#8230;<\/p>\n<blockquote><p>Et apr\u00e8s tous ces longs chemins de traverse, je suis revenue\u00a0vers la cr\u00e9ation, non plus la peinture, mais la sculpture et un mat\u00e9riau privil\u00e9gi\u00e9, le verre, d\u00e9couvert en 1990. L\u2019utilisation d\u2019un four \u00e0 1000\u00b0 dans une chambre avec moquette au 2\u00e8 \u00e9tage d\u2019un immeuble parisien, entra\u00eene rapidement la recherche d\u2019un atelier quelque part au hasard, et ce sera le Berry. Travail dans l\u2019isolement de la campagne, puis \u00e0 partir de 2001, participation \u00e0 des concours internationaux, \u00e0 des expositions en groupe et en solo. Il m\u2019est toujours apparu plus facile de commencer une nouvelle activit\u00e9 dans un pays \u00e9tranger &#8211; le Japon d\u2019abord, plusieurs pays europ\u00e9ens ensuite- pour revenir ensuite en France et finalement, tout pr\u00e8s de chez soi, comme aujourd\u2019hui. En somme, la boucle serait-elle boucl\u00e9e ?<\/p><\/blockquote>\n<p>Pour en savoir plus sur le travail de Micheline :<a href=\"http:\/\/www.micheline-domancich.com\/\" target=\"_blank\" rel=\"noopener noreferrer\"> http:\/\/www.micheline-domancich.com\/<\/a><\/p>\n","protected":false},"excerpt":{"rendered":"<p>Quand Micheline est entr\u00e9e dans la salle o\u00f9 j\u2019allais faire une d\u00e9dicace de <a style=\"color: #ff6600;\" href=\"http:\/\/www.lagriffedevinaya.fr\/#\/momig\">Momig<\/a>, elle m\u2019a dit \u00ab\u00a0Je suis curieuse de vous \u00e9couter, j\u2019ai lu tout ce qui vous concernait sur internet\u00a0\u00bb. <strong>Son sourire et ses yeux grands ouverts<\/strong> m\u2019ont tout de suite donn\u00e9 confiance. Le lendemain, nous d\u00eenions chez elle&#8230;<\/p>\n<p style=\"text-align: center;\"><em>Il court, il court le furet<\/em><br \/>\n<em> Le furet du bois, Madame<\/em><br \/>\n<em> Il court, il court le furet&#8230;<\/em><\/p>\n<p style=\"text-align: left;\">Micheline court<br \/>\nEt comme le furet<br \/>\nElle met son nez partout<br \/>\nCurieuse<br \/>\nElle monte et elle descend<br \/>\nEntrant par une porte elle ressort par une autre<br \/>\n\u00ab\u00a0Vous avez vu\u00a0mes sculptures ?<br \/>\nCe n\u2019est pas termin\u00e9, vous savez, j\u2019ai tant et tant \u00e0 faire\u00a0\u00bb<br \/>\nJe n\u2019ai pas le temps de r\u00e9pondre, Micheline est repartie<br \/>\nC\u2019est dommage,<\/p>\n","protected":false},"author":3,"featured_media":319,"comment_status":"open","ping_status":"open","sticky":false,"template":"","format":"standard","meta":{"_exactmetrics_skip_tracking":false,"_exactmetrics_sitenote_active":false,"_exactmetrics_sitenote_note":"","_exactmetrics_sitenote_category":0,"footnotes":""},"categories":[5],"tags":[21,22],"class_list":["post-102","post","type-post","status-publish","format-standard","has-post-thumbnail","hentry","category-portraits","tag-artiste","tag-ecologie"],"_links":{"self":[{"href":"https:\/\/www.auvifdemaplume.fr\/index.php\/wp-json\/wp\/v2\/posts\/102","targetHints":{"allow":["GET"]}}],"collection":[{"href":"https:\/\/www.auvifdemaplume.fr\/index.php\/wp-json\/wp\/v2\/posts"}],"about":[{"href":"https:\/\/www.auvifdemaplume.fr\/index.php\/wp-json\/wp\/v2\/types\/post"}],"author":[{"embeddable":true,"href":"https:\/\/www.auvifdemaplume.fr\/index.php\/wp-json\/wp\/v2\/users\/3"}],"replies":[{"embeddable":true,"href":"https:\/\/www.auvifdemaplume.fr\/index.php\/wp-json\/wp\/v2\/comments?post=102"}],"version-history":[{"count":17,"href":"https:\/\/www.auvifdemaplume.fr\/index.php\/wp-json\/wp\/v2\/posts\/102\/revisions"}],"predecessor-version":[{"id":532,"href":"https:\/\/www.auvifdemaplume.fr\/index.php\/wp-json\/wp\/v2\/posts\/102\/revisions\/532"}],"wp:featuredmedia":[{"embeddable":true,"href":"https:\/\/www.auvifdemaplume.fr\/index.php\/wp-json\/wp\/v2\/media\/319"}],"wp:attachment":[{"href":"https:\/\/www.auvifdemaplume.fr\/index.php\/wp-json\/wp\/v2\/media?parent=102"}],"wp:term":[{"taxonomy":"category","embeddable":true,"href":"https:\/\/www.auvifdemaplume.fr\/index.php\/wp-json\/wp\/v2\/categories?post=102"},{"taxonomy":"post_tag","embeddable":true,"href":"https:\/\/www.auvifdemaplume.fr\/index.php\/wp-json\/wp\/v2\/tags?post=102"}],"curies":[{"name":"wp","href":"https:\/\/api.w.org\/{rel}","templated":true}]}}